{"id":8331,"date":"2025-05-26T18:10:00","date_gmt":"2025-05-26T16:10:00","guid":{"rendered":"https:\/\/sound-scribe.com\/?p=8331"},"modified":"2025-05-27T13:50:10","modified_gmt":"2025-05-27T11:50:10","slug":"rockfest-dacice-2025","status":"publish","type":"post","link":"https:\/\/sound-scribe.com\/en\/2025\/05\/26\/rockfest-dacice-2025\/","title":{"rendered":"Rockfest Da\u010dice 2025"},"content":{"rendered":"<p class=\"has-text-align-justify wp-block-paragraph\">Da\u010dice se op\u011bt chystaj\u00ed na po\u0159\u00e1dn\u00fd rockov\u00fd n\u00e1\u0159ez. <strong>Rockfest Da\u010dice 2025<\/strong> klepe na dve\u0159e a leto\u0161n\u00ed ro\u010dn\u00edk slibuje je\u0161t\u011b v\u011bt\u0161\u00ed d\u00e1vku energie, hlasit\u00e9 hudby a nezapomenuteln\u00e9 atmosf\u00e9ry.<\/p>\n\n\n\n<p class=\"has-text-align-justify wp-block-paragraph\">Festival prob\u011bhne 25-26.7.2025 a u\u017e nyn\u00ed si fanou\u0161ci mohou zajistit sv\u00e9 m\u00edsto pod p\u00f3diem. Vstupenky jsou st\u00e1le k dispozici <a href=\"https:\/\/www.rockfestdacice.cz\/listky\/?lang=cs\">zde na odkazu<\/a>.<\/p>\n\n\n\n<p class=\"has-text-align-justify wp-block-paragraph\">&#8222;Letos se sna\u017e\u00edme p\u0159in\u00e9st je\u0161t\u011b pest\u0159ej\u0161\u00ed program, v\u011bt\u0161\u00ed p\u00f3dium a v\u00edc prostoru pro fanou\u0161ky. Krom\u011b osv\u011bd\u010den\u00fdch kapel nab\u00eddneme i nov\u00e9 tv\u00e1\u0159e, kter\u00e9 maj\u00ed potenci\u00e1l rozproudit krev ka\u017ed\u00e9mu rockerovi,&#8220; \u0159\u00edk\u00e1 <strong>Ale\u0161 Kasal<\/strong>, jeden z organiz\u00e1tor\u016f festivalu. <strong>Rockfest Da\u010dice<\/strong> si za posledn\u00ed roky vybudoval siln\u00e9 jm\u00e9no mezi region\u00e1ln\u00edmi hudebn\u00edmi akcemi. Je obl\u00edben\u00fd nejen d\u00edky kvalitn\u00edmu line-upu, ale i p\u0159\u00e1telsk\u00e9 atmosf\u00e9\u0159e, dostupn\u00e9mu ob\u010derstven\u00ed a skv\u011bl\u00e9 lokalit\u011b v srdci m\u011bsta. &#8222;Je to v\u00edc ne\u017e jen koncert. Je to setk\u00e1n\u00ed lid\u00ed, kte\u0159\u00ed miluj\u00ed muziku, svobodu a po\u0159\u00e1dnou d\u00e1vku decibel\u016f,&#8220; dod\u00e1v\u00e1 organiz\u00e1tor.<\/p>\n\n\n\n<p class=\"has-text-align-justify wp-block-paragraph\">Ji\u017e nyn\u00ed v\u00edme program na oba dny a mezi vystupuj\u00edc\u00edm\u00ed nechyb\u00ed velk\u00e1 jm\u00e9na jako <strong>Traktor<\/strong>, <strong>Walda Gang<\/strong>, <strong>Doga<\/strong> nebo <strong>Alkehol<\/strong>. Kompletn\u00ed program naleznete n\u00ed\u017ee:<\/p>\n\n\n\n<figure class=\"wp-block-image size-large\"><img data-recalc-dims=\"1\" loading=\"lazy\" decoding=\"async\" width=\"775\" height=\"787\" data-attachment-id=\"8364\" data-permalink=\"https:\/\/sound-scribe.com\/en\/2025\/05\/26\/rockfest-dacice-2025\/program_dacice_rockfest_25\/\" data-orig-file=\"https:\/\/i0.wp.com\/sound-scribe.com\/wp-content\/uploads\/2025\/05\/program_dacice_rockfest_25.jpg?fit=775%2C787&amp;ssl=1\" data-orig-size=\"775,787\" data-comments-opened=\"1\" data-image-meta=\"{&quot;aperture&quot;:&quot;0&quot;,&quot;credit&quot;:&quot;RYSOVA Karolina&quot;,&quot;camera&quot;:&quot;&quot;,&quot;caption&quot;:&quot;&quot;,&quot;created_timestamp&quot;:&quot;1748353683&quot;,&quot;copyright&quot;:&quot;&quot;,&quot;focal_length&quot;:&quot;0&quot;,&quot;iso&quot;:&quot;0&quot;,&quot;shutter_speed&quot;:&quot;0&quot;,&quot;title&quot;:&quot;&quot;,&quot;orientation&quot;:&quot;0&quot;}\" data-image-title=\"Program_Dacice_Rockfest_25\" data-image-description=\"\" data-image-caption=\"\" data-large-file=\"https:\/\/i0.wp.com\/sound-scribe.com\/wp-content\/uploads\/2025\/05\/program_dacice_rockfest_25.jpg?fit=775%2C787&amp;ssl=1\" src=\"https:\/\/i0.wp.com\/sound-scribe.com\/wp-content\/uploads\/2025\/05\/program_dacice_rockfest_25.jpg?resize=775%2C787&#038;ssl=1\" alt=\"\" class=\"wp-image-8364\" \/><\/figure>\n\n\n\n<p class=\"wp-block-paragraph\">V\u00edce informac\u00ed o festivalu, ale tak\u00e9 mo\u017enostech kempov\u00e1n\u00ed naleznete na ofici\u00e1ln\u00edch str\u00e1nk\u00e1ch: <a href=\"https:\/\/www.rockfestdacice.cz\/\">https:\/\/www.rockfestdacice.cz\/<\/a><\/p>","protected":false},"excerpt":{"rendered":"<p>Da\u010dice se op\u011bt chystaj\u00ed na po\u0159\u00e1dn\u00fd rockov\u00fd n\u00e1\u0159ez. Rockfest Da\u010dice 2025 klepe na dve\u0159e a leto\u0161n\u00ed ro\u010dn\u00edk slibuje je\u0161t\u011b v\u011bt\u0161\u00ed d\u00e1vku energie, hlasit\u00e9 hudby a nezapomenuteln\u00e9 atmosf\u00e9ry. Festival prob\u011bhne 25-26.7.2025 [&hellip;]<\/p>\n","protected":false},"author":241323962,"featured_media":8336,"comment_status":"open","ping_status":"open","sticky":false,"template":"","format":"standard","meta":{"_crdt_document":"","site-sidebar-layout":"default","site-content-layout":"","ast-site-content-layout":"default","site-content-style":"default","site-sidebar-style":"default","ast-global-header-display":"","ast-banner-title-visibility":"","ast-main-header-display":"","ast-hfb-above-header-display":"","ast-hfb-below-header-display":"","ast-hfb-mobile-header-display":"","site-post-title":"","ast-breadcrumbs-content":"","ast-featured-img":"","footer-sml-layout":"","ast-disable-related-posts":"","theme-transparent-header-meta":"","adv-header-id-meta":"","stick-header-meta":"","header-above-stick-meta":"","header-main-stick-meta":"","header-below-stick-meta":"","astra-migrate-meta-layouts":"default","ast-page-background-enabled":"default","ast-page-background-meta":{"desktop":{"background-color":"var(--ast-global-color-5)","background-image":"","background-repeat":"repeat","background-position":"center center","background-size":"auto","background-attachment":"scroll","background-type":"","background-media":"","overlay-type":"","overlay-color":"","overlay-opacity":"","overlay-gradient":""},"tablet":{"background-color":"","background-image":"","background-repeat":"repeat","background-position":"center center","background-size":"auto","background-attachment":"scroll","background-type":"","background-media":"","overlay-type":"","overlay-color":"","overlay-opacity":"","overlay-gradient":""},"mobile":{"background-color":"","background-image":"","background-repeat":"repeat","background-position":"center center","background-size":"auto","background-attachment":"scroll","background-type":"","background-media":"","overlay-type":"","overlay-color":"","overlay-opacity":"","overlay-gradient":""}},"ast-content-background-meta":{"desktop":{"background-color":"var(--ast-global-color-4)","background-image":"","background-repeat":"repeat","background-position":"center center","background-size":"auto","background-attachment":"scroll","background-type":"","background-media":"","overlay-type":"","overlay-color":"","overlay-opacity":"","overlay-gradient":""},"tablet":{"background-color":"var(--ast-global-color-4)","background-image":"","background-repeat":"repeat","background-position":"center center","background-size":"auto","background-attachment":"scroll","background-type":"","background-media":"","overlay-type":"","overlay-color":"","overlay-opacity":"","overlay-gradient":""},"mobile":{"background-color":"var(--ast-global-color-4)","background-image":"","background-repeat":"repeat","background-position":"center center","background-size":"auto","background-attachment":"scroll","background-type":"","background-media":"","overlay-type":"","overlay-color":"","overlay-opacity":"","overlay-gradient":""}},"advanced_seo_description":"","jetpack_seo_html_title":"","jetpack_seo_noindex":false,"_jetpack_newsletter_access":"","_jetpack_dont_email_post_to_subs":true,"_jetpack_newsletter_tier_id":0,"_jetpack_memberships_contains_paywalled_content":false,"_jetpack_memberships_contains_paid_content":false,"footnotes":"","jetpack_publicize_message":"","jetpack_publicize_feature_enabled":false,"jetpack_social_post_already_shared":false,"jetpack_social_options":{"image_generator_settings":{"template":"highway","default_image_id":0,"enabled":false},"version":2},"_wpas_customize_per_network":false,"jetpack_post_was_ever_published":false},"categories":[43050363],"tags":[5476612,4851732,628438,34357648,231330,29263,17956521,6925051,71167010,1721,1393,199731086,67735739,1433,781339253,223777,339927,15272635],"class_list":["post-8331","post","type-post","status-publish","format-standard","has-post-thumbnail","hentry","category-show-alerts","tag-cerna","tag-alkehol","tag-citron","tag-debustrol","tag-doga","tag-festival","tag-hejtman","tag-jackers","tag-krucipusk","tag-live-show","tag-metal","tag-niakara","tag-porta-inferi","tag-rock","tag-rockfest-dacice","tag-seven","tag-traktor","tag-ceska-scena"],"jetpack_publicize_connections":[],"jetpack_featured_media_url":"https:\/\/i0.wp.com\/sound-scribe.com\/wp-content\/uploads\/2025\/05\/dac.jpg?fit=1200%2C1648&ssl=1","jetpack_likes_enabled":true,"jetpack_sharing_enabled":true,"jetpack_shortlink":"https:\/\/wp.me\/pfd0HC-2an","jetpack-related-posts":[{"id":7633,"url":"https:\/\/sound-scribe.com\/en\/2025\/04\/21\/pozvanka-na-rock-in-2025\/","url_meta":{"origin":8331,"position":0},"title":"Pozv\u00e1nka na Rock In 2025","author":"Kerry Lynx","date":"21 April 2025","format":false,"excerpt":"Tradi\u010dn\u00ed s\u00e9rie open-air festival\u016f Rock in Town se p\u0159\u00ed\u0161t\u00ed rok p\u0159edstav\u00ed v nov\u00e9 podob\u011b \u2013 s upraven\u00fdm n\u00e1zvem a roz\u0161\u00ed\u0159en\u00fdm po\u010dtem zast\u00e1vek! Rockin.cz 2025 projede od kv\u011btna do z\u00e1\u0159\u00ed celou \u010ceskou republiku a nab\u00eddne jedine\u010dn\u00e1 open-air vystoupen\u00ed kapely \u0160kwor, kterou na r\u016fzn\u00fdch m\u00edstech doprovod\u00ed dal\u0161\u00ed velk\u00e1 jm\u00e9na jako Olympic, Walda\u2026","rel":"","context":"In &quot;Show Alerts&quot;","block_context":{"text":"Show Alerts","link":"https:\/\/sound-scribe.com\/en\/category\/show-alerts\/"},"img":{"alt_text":"Plak\u00e1t Rock IN 2025","src":"https:\/\/i0.wp.com\/sound-scribe.com\/wp-content\/uploads\/2025\/04\/rockin-2025-1920x1920-1.jpg?fit=1200%2C1200&ssl=1&resize=350%2C200","width":350,"height":200,"srcset":"https:\/\/i0.wp.com\/sound-scribe.com\/wp-content\/uploads\/2025\/04\/rockin-2025-1920x1920-1.jpg?fit=1200%2C1200&ssl=1&resize=350%2C200 1x, https:\/\/i0.wp.com\/sound-scribe.com\/wp-content\/uploads\/2025\/04\/rockin-2025-1920x1920-1.jpg?fit=1200%2C1200&ssl=1&resize=525%2C300 1.5x, https:\/\/i0.wp.com\/sound-scribe.com\/wp-content\/uploads\/2025\/04\/rockin-2025-1920x1920-1.jpg?fit=1200%2C1200&ssl=1&resize=700%2C400 2x, https:\/\/i0.wp.com\/sound-scribe.com\/wp-content\/uploads\/2025\/04\/rockin-2025-1920x1920-1.jpg?fit=1200%2C1200&ssl=1&resize=1050%2C600 3x"},"classes":[]},{"id":8831,"url":"https:\/\/sound-scribe.com\/en\/2025\/06\/05\/festival-rock-in-plzen-hlasila-vyprodano\/","url_meta":{"origin":8331,"position":1},"title":"Festival Rock IN: Plze\u0148 hl\u00e1sila vyprod\u00e1no","author":"Kerry Lynx","date":"5 June 2025","format":false,"excerpt":"Dne 30.5.2025 prob\u011bhl v Plzni \u010dtvrt\u00fd ro\u010dn\u00edk festivalu Rock In Town s vystoupen\u00edmi \u0160kworu, Arakainu, Walda Gangu a Olympicu. Fanou\u0161ci si u\u017e\u00edvali skv\u011blou atmosf\u00e9ru i nostalgii.","rel":"","context":"In &quot;Live Loud&quot;","block_context":{"text":"Live Loud","link":"https:\/\/sound-scribe.com\/en\/category\/live-loud\/"},"img":{"alt_text":"","src":"https:\/\/i0.wp.com\/sound-scribe.com\/wp-content\/uploads\/2025\/06\/05-skwor-8-1.jpg?fit=1200%2C798&ssl=1&resize=350%2C200","width":350,"height":200,"srcset":"https:\/\/i0.wp.com\/sound-scribe.com\/wp-content\/uploads\/2025\/06\/05-skwor-8-1.jpg?fit=1200%2C798&ssl=1&resize=350%2C200 1x, https:\/\/i0.wp.com\/sound-scribe.com\/wp-content\/uploads\/2025\/06\/05-skwor-8-1.jpg?fit=1200%2C798&ssl=1&resize=525%2C300 1.5x, https:\/\/i0.wp.com\/sound-scribe.com\/wp-content\/uploads\/2025\/06\/05-skwor-8-1.jpg?fit=1200%2C798&ssl=1&resize=700%2C400 2x, https:\/\/i0.wp.com\/sound-scribe.com\/wp-content\/uploads\/2025\/06\/05-skwor-8-1.jpg?fit=1200%2C798&ssl=1&resize=1050%2C600 3x"},"classes":[]},{"id":7712,"url":"https:\/\/sound-scribe.com\/en\/2025\/04\/26\/rockove-velikonoce-2025\/","url_meta":{"origin":8331,"position":2},"title":"Rockov\u00e9 Velikonoce 2025","author":"Kerry Lynx","date":"26 April 2025","format":false,"excerpt":"Ohniv\u00fd start sez\u00f3ny pod taktovkou Letn\u00edho parketu V\u00fdrava Kr\u00e1l\u00edky u Nov\u00e9ho Byd\u017eova op\u011bt o\u017eily. Tis\u00edce rocker\u016f, metalist\u016f i v\u0161ech, co maj\u00ed hudbu v krvi, se se\u0161li 19. dubna 2025 na tradi\u010dn\u00edm festivalu Rockov\u00e9 Velikonoce. Tento rockov\u00fd koncert je symbolem rockov\u00e9 energie, a to jak na p\u00f3diu, tak i pod n\u00edm.\u2026","rel":"","context":"In &quot;Live Loud&quot;","block_context":{"text":"Live Loud","link":"https:\/\/sound-scribe.com\/en\/category\/live-loud\/"},"img":{"alt_text":"","src":"https:\/\/i0.wp.com\/sound-scribe.com\/wp-content\/uploads\/2025\/04\/harlej-4.jpg?fit=1200%2C800&ssl=1&resize=350%2C200","width":350,"height":200,"srcset":"https:\/\/i0.wp.com\/sound-scribe.com\/wp-content\/uploads\/2025\/04\/harlej-4.jpg?fit=1200%2C800&ssl=1&resize=350%2C200 1x, https:\/\/i0.wp.com\/sound-scribe.com\/wp-content\/uploads\/2025\/04\/harlej-4.jpg?fit=1200%2C800&ssl=1&resize=525%2C300 1.5x, https:\/\/i0.wp.com\/sound-scribe.com\/wp-content\/uploads\/2025\/04\/harlej-4.jpg?fit=1200%2C800&ssl=1&resize=700%2C400 2x, https:\/\/i0.wp.com\/sound-scribe.com\/wp-content\/uploads\/2025\/04\/harlej-4.jpg?fit=1200%2C800&ssl=1&resize=1050%2C600 3x"},"classes":[]},{"id":10773,"url":"https:\/\/sound-scribe.com\/en\/2025\/07\/18\/mor-2025-2-den\/","url_meta":{"origin":8331,"position":3},"title":"MoR 2025 &#8211; 2. den: Premi\u00e9rov\u00e1 vystoupen\u00ed i n\u00e1vraty po letech","author":"Kerry Lynx","date":"18 July 2025","format":false,"excerpt":"Druh\u00fd den Masters of Rock ve Vizovic\u00edch p\u0159inesl pestr\u00fd program s r\u016fzn\u00fdmi kapelami, kter\u00fd zahrnoval modern\u00ed i tradi\u010dn\u00ed styly, atmosf\u00e9rick\u00e9 vystoupen\u00ed, a siln\u00e9 hudebn\u00ed z\u00e1\u017eitky pro fanou\u0161ky.","rel":"","context":"In &quot;Live Loud&quot;","block_context":{"text":"Live Loud","link":"https:\/\/sound-scribe.com\/en\/category\/live-loud\/"},"img":{"alt_text":"","src":"https:\/\/i0.wp.com\/sound-scribe.com\/wp-content\/uploads\/2025\/07\/815a4929.jpg?fit=1200%2C800&ssl=1&resize=350%2C200","width":350,"height":200,"srcset":"https:\/\/i0.wp.com\/sound-scribe.com\/wp-content\/uploads\/2025\/07\/815a4929.jpg?fit=1200%2C800&ssl=1&resize=350%2C200 1x, https:\/\/i0.wp.com\/sound-scribe.com\/wp-content\/uploads\/2025\/07\/815a4929.jpg?fit=1200%2C800&ssl=1&resize=525%2C300 1.5x, https:\/\/i0.wp.com\/sound-scribe.com\/wp-content\/uploads\/2025\/07\/815a4929.jpg?fit=1200%2C800&ssl=1&resize=700%2C400 2x, https:\/\/i0.wp.com\/sound-scribe.com\/wp-content\/uploads\/2025\/07\/815a4929.jpg?fit=1200%2C800&ssl=1&resize=1050%2C600 3x"},"classes":[]},{"id":11933,"url":"https:\/\/sound-scribe.com\/en\/2025\/08\/26\/rock-castle-2025-3-den\/","url_meta":{"origin":8331,"position":4},"title":"Rock Castle 2025 &#8211; 3. den: Den pln\u00fd kontrast\u016f, od lehk\u00e9ho rocku k metalov\u00e9 smr\u0161ti","author":"Kerry Lynx","date":"26 August 2025","format":false,"excerpt":"T\u0159et\u00ed den festivalu nab\u00eddl bohat\u00fd program s r\u016fzn\u00fdmi metalov\u00fdmi kapelami, pozitivn\u00ed atmosf\u00e9ru a skv\u011bl\u00e9 v\u00fdkony, p\u0159i\u010dem\u017e celkov\u011b byl festival \u00fasp\u011b\u0161n\u00fd a velmi p\u0159\u00edjemn\u00fd.","rel":"","context":"In &quot;Live Loud&quot;","block_context":{"text":"Live Loud","link":"https:\/\/sound-scribe.com\/en\/category\/live-loud\/"},"img":{"alt_text":"","src":"https:\/\/i0.wp.com\/sound-scribe.com\/wp-content\/uploads\/2025\/08\/2025_08_16_rc_uriah-heep_dsc_8325.jpg?fit=1200%2C801&ssl=1&resize=350%2C200","width":350,"height":200,"srcset":"https:\/\/i0.wp.com\/sound-scribe.com\/wp-content\/uploads\/2025\/08\/2025_08_16_rc_uriah-heep_dsc_8325.jpg?fit=1200%2C801&ssl=1&resize=350%2C200 1x, https:\/\/i0.wp.com\/sound-scribe.com\/wp-content\/uploads\/2025\/08\/2025_08_16_rc_uriah-heep_dsc_8325.jpg?fit=1200%2C801&ssl=1&resize=525%2C300 1.5x, https:\/\/i0.wp.com\/sound-scribe.com\/wp-content\/uploads\/2025\/08\/2025_08_16_rc_uriah-heep_dsc_8325.jpg?fit=1200%2C801&ssl=1&resize=700%2C400 2x, https:\/\/i0.wp.com\/sound-scribe.com\/wp-content\/uploads\/2025\/08\/2025_08_16_rc_uriah-heep_dsc_8325.jpg?fit=1200%2C801&ssl=1&resize=1050%2C600 3x"},"classes":[]},{"id":11500,"url":"https:\/\/sound-scribe.com\/en\/2025\/08\/10\/ostrava-v-plamenech-2025\/","url_meta":{"origin":8331,"position":5},"title":"Ostrava v Plamenech 2025: Industri\u00e1ln\u00ed chr\u00e1m metalu","author":"LeMa","date":"10 August 2025","format":false,"excerpt":"2. srpna 2025 se industri\u00e1ln\u00ed Ostrava prom\u011bnila v ohniv\u00e9 centrum metalu! Jeden\u00e1ct\u00fd ro\u010dn\u00edk Ostravy v Plamenech p\u0159ivedl na p\u00f3dium jm\u00e9na jako Nervosa, Freedom Call, Lordi nebo U.D.O. a riffy se odr\u00e1\u017eely od \u017eeleza a betonu Doln\u00edch V\u00edtkovic a\u017e do noci.","rel":"","context":"In &quot;Live Loud&quot;","block_context":{"text":"Live Loud","link":"https:\/\/sound-scribe.com\/en\/category\/live-loud\/"},"img":{"alt_text":"","src":"https:\/\/i0.wp.com\/sound-scribe.com\/wp-content\/uploads\/2025\/08\/2025_08_02_ovp_lordi_dsc_5654.jpg?fit=1200%2C801&ssl=1&resize=350%2C200","width":350,"height":200,"srcset":"https:\/\/i0.wp.com\/sound-scribe.com\/wp-content\/uploads\/2025\/08\/2025_08_02_ovp_lordi_dsc_5654.jpg?fit=1200%2C801&ssl=1&resize=350%2C200 1x, https:\/\/i0.wp.com\/sound-scribe.com\/wp-content\/uploads\/2025\/08\/2025_08_02_ovp_lordi_dsc_5654.jpg?fit=1200%2C801&ssl=1&resize=525%2C300 1.5x, https:\/\/i0.wp.com\/sound-scribe.com\/wp-content\/uploads\/2025\/08\/2025_08_02_ovp_lordi_dsc_5654.jpg?fit=1200%2C801&ssl=1&resize=700%2C400 2x, https:\/\/i0.wp.com\/sound-scribe.com\/wp-content\/uploads\/2025\/08\/2025_08_02_ovp_lordi_dsc_5654.jpg?fit=1200%2C801&ssl=1&resize=1050%2C600 3x"},"classes":[]}],"_links":{"self":[{"href":"https:\/\/sound-scribe.com\/en\/wp-json\/wp\/v2\/posts\/8331","targetHints":{"allow":["GET"]}}],"collection":[{"href":"https:\/\/sound-scribe.com\/en\/wp-json\/wp\/v2\/posts"}],"about":[{"href":"https:\/\/sound-scribe.com\/en\/wp-json\/wp\/v2\/types\/post"}],"author":[{"embeddable":true,"href":"https:\/\/sound-scribe.com\/en\/wp-json\/wp\/v2\/users\/241323962"}],"replies":[{"embeddable":true,"href":"https:\/\/sound-scribe.com\/en\/wp-json\/wp\/v2\/comments?post=8331"}],"version-history":[{"count":7,"href":"https:\/\/sound-scribe.com\/en\/wp-json\/wp\/v2\/posts\/8331\/revisions"}],"predecessor-version":[{"id":8366,"href":"https:\/\/sound-scribe.com\/en\/wp-json\/wp\/v2\/posts\/8331\/revisions\/8366"}],"wp:featuredmedia":[{"embeddable":true,"href":"https:\/\/sound-scribe.com\/en\/wp-json\/wp\/v2\/media\/8336"}],"wp:attachment":[{"href":"https:\/\/sound-scribe.com\/en\/wp-json\/wp\/v2\/media?parent=8331"}],"wp:term":[{"taxonomy":"category","embeddable":true,"href":"https:\/\/sound-scribe.com\/en\/wp-json\/wp\/v2\/categories?post=8331"},{"taxonomy":"post_tag","embeddable":true,"href":"https:\/\/sound-scribe.com\/en\/wp-json\/wp\/v2\/tags?post=8331"}],"curies":[{"name":"wp","href":"https:\/\/api.w.org\/{rel}","templated":true}]}}