{"id":8314,"date":"2025-05-27T08:45:09","date_gmt":"2025-05-27T06:45:09","guid":{"rendered":"https:\/\/sound-scribe.com\/?p=8314"},"modified":"2025-09-29T13:29:19","modified_gmt":"2025-09-29T11:29:19","slug":"fabio-of-serenity","status":"publish","type":"post","link":"https:\/\/sound-scribe.com\/en\/2025\/05\/27\/fabio-of-serenity\/","title":{"rendered":"Fabio of Serenity"},"content":{"rendered":"<p class=\"wp-block-paragraph\">\u2193\u2193\u2193 English down below \u2193\u2193\u2193<\/p>\n\n\n\n<p class=\"has-text-align-justify wp-block-paragraph\">Kdy\u017e u\u017e jsme se vypravili 30.4.2025 na koncert <strong>Serenity <\/strong>do N\u011bmecka, tak jsem se pokusila si aspo\u0148 domluvit n\u011bjak\u00fd rozhovor. Byla jsem proto velice r\u00e1da, kdy\u017e mi <strong>Fabio D&#8217;Amore<\/strong> sl\u00edbil p\u00e1r minut sv\u00e9ho \u010dasu.<\/p>\n\n\n\n<p class=\"wp-block-paragraph\"><strong><em>R\u00e1da T\u011b op\u011bt potk\u00e1v\u00e1m. Jak si u\u017e\u00edv\u00e1\u0161, \u017ee m\u016f\u017ee\u0161 b\u00fdt op\u011bt na jevi\u0161ti?<\/em><\/strong><\/p>\n\n\n\n<p class=\"has-text-align-justify wp-block-paragraph\">Ano, je to opravdu skv\u011bl\u00e9. Nav\u00edc je p\u0159\u00edzniv\u00e9 obdob\u00ed, proto\u017ee je jaro, je teplo, m\u016f\u017eeme z\u016fstat venku i na tento rozhovor. A tak si m\u016f\u017eeme u\u017e\u00edt trochu slun\u00ed\u010dka, co\u017e nen\u00ed tak \u0161patn\u00e9. Ano, je to opravdu p\u0159\u00edjemn\u00e9.<\/p>\n\n\n\n<p class=\"has-text-align-justify wp-block-paragraph\"><strong><em>Poj\u010fme si popov\u00eddat o tob\u011b a tv\u00fdch dal\u0161\u00edch projektech. T\u0159eba o Va\u0161em studiu.<\/em><\/strong><\/p>\n\n\n\n<p class=\"has-text-align-justify wp-block-paragraph\">Ano, vedu studio <strong>Synonym of Sound<\/strong>. Vlastn\u011b pracujeme na spoust\u011b v\u011bc\u00ed. Na\u0161\u00edm hlavn\u00edm posl\u00e1n\u00edm je produkovat a pom\u00e1hat nez\u00e1visl\u00fdm um\u011blc\u016fm, kte\u0159\u00ed se dost\u00e1vaj\u00ed do hudebn\u00edho pr\u016fmyslu. Tak\u017ee se opravdu sna\u017e\u00edme starat o um\u011blce od zku\u0161ebny a v\u00e9st je a\u017e k vyd\u00e1n\u00ed CD a p\u0159\u00edpadn\u011b je\u0161t\u011b d\u00e1l. Je to t\u011b\u017ek\u00e9 posl\u00e1n\u00ed, proto\u017ee nem\u00e1m mo\u017enost pracovat jen s profesion\u00e1ly, ale sna\u017e\u00edm se pom\u00e1hat amat\u00e9r\u016fm st\u00e1t se profesion\u00e1ly. Je to n\u011bco, co \u010dlov\u011bk mus\u00ed opravdu vnit\u0159n\u011b c\u00edtit. Nen\u00ed to tak jednoduch\u00e9, proto\u017ee ti muzikanti se hudbou v\u011bt\u0161inou ne\u017eiv\u00ed, nebo v 95 % p\u0159\u00edpad\u016f se hudbou ne\u017eiv\u00ed, tak\u017ee pot\u00ed\u017ee p\u0159i realizaci produkce jsou mnohon\u00e1sobn\u00e9 kv\u016fli jejich zam\u011bstn\u00e1n\u00ed, rodin\u00e1m a z\u00e1vazk\u016fm. Sna\u017e\u00edm se jim ale pom\u00e1hat a d\u00e1t jim profesion\u00e1ln\u00ed p\u0159\u00edstup k cel\u00e9mu procesu p\u0159edprodukce a n\u00e1sledn\u011b produkce projektu.<br>Vedeme je pak k tomu, aby byli tam, kde jsem dnes p\u0159esn\u011b j\u00e1, nap\u0159. dostat je na tour, nau\u010dit jak se chovat, jak prod\u00e1vat sv\u00e9 zbo\u017e\u00ed, jak v\u011b\u0159it sv\u00e9mu projektu a sna\u017eit se je dostat d\u00e1l. Te\u010f jsme dokonce s na\u0161\u00ed kolegyn\u00ed <strong>Christinou<\/strong>, kter\u00e1 se star\u00e1 o ve\u0161kerou marketingovou \u010d\u00e1st kapel, vytvo\u0159ili jsme konkr\u00e9tn\u00ed koncepty soci\u00e1ln\u00edch s\u00edt\u00ed a webdesignu. Kdy\u017e s n\u00e1mi spolupracuje kapela, um\u011blci se pak sna\u017e\u00ed, aby za nimi chodila profesion\u00e1ln\u00ed osoba, Christina, kter\u00e1 se o n\u011b m\u016f\u017ee starat, v\u00e9st je a vytv\u00e1\u0159et koncepty jejich specifick\u00fdch marketingov\u00fdch strategi\u00ed. Proto to, co se mnou nahraj\u00ed, nen\u00ed marn\u00e9, nen\u00ed to ztracen\u00e9. J\u00e1 jsem producent, tak\u017ee je \u010das, abych se rozlou\u010dil, kdy\u017e je master hotov\u00fd do dal\u0161\u00edho CD. Ale sna\u017e\u00edme se je jej\u00edm prost\u0159ednictv\u00edm a d\u00edky jej\u00edm zku\u0161enostem v\u00e9st k tomu, aby vytv\u00e1\u0159eli bal\u00ed\u010dky n\u00e1sledn\u00fdch aktivit na soci\u00e1ln\u00edch s\u00edt\u00edch, starali se o webov\u00e9 str\u00e1nky, starali se o elektronick\u00e9 tiskov\u00e9 sady pro vydavatelstv\u00ed. Sna\u017e\u00edm se jim pomoci v procesu nav\u00e1z\u00e1n\u00ed kontaktu s vydavatelstv\u00edm a sna\u017e\u00edm se zajistit, aby m\u011bli koncept, ne\u017e se p\u0159edstav\u00ed. Jak opakuji, je to t\u011b\u017ek\u00e9, proto\u017ee to nen\u00ed jako spolupr\u00e1ce s podnikem. Ale samoz\u0159ejm\u011b, \u017ee ve chv\u00edli, kdy v\u0161echno funguje a kapela m\u016f\u017ee ud\u011blat krok d\u00e1l, je to velmi obohacuj\u00edc\u00ed.<\/p>\n\n\n\n<figure class=\"wp-block-image size-large\"><img data-recalc-dims=\"1\" loading=\"lazy\" decoding=\"async\" width=\"2506\" height=\"1880\" data-attachment-id=\"8344\" data-permalink=\"https:\/\/sound-scribe.com\/en\/fabio_250430_leipzig-2\/\" data-orig-file=\"https:\/\/i0.wp.com\/sound-scribe.com\/wp-content\/uploads\/2025\/05\/fabio_250430_leipzig-2.jpg?fit=2506%2C1880&amp;ssl=1\" data-orig-size=\"2506,1880\" data-comments-opened=\"1\" data-image-meta=\"{&quot;aperture&quot;:&quot;2.7&quot;,&quot;credit&quot;:&quot;&quot;,&quot;camera&quot;:&quot;DMC-LX3&quot;,&quot;caption&quot;:&quot;&quot;,&quot;created_timestamp&quot;:&quot;1746041596&quot;,&quot;copyright&quot;:&quot;&quot;,&quot;focal_length&quot;:&quot;11.1&quot;,&quot;iso&quot;:&quot;400&quot;,&quot;shutter_speed&quot;:&quot;0.01&quot;,&quot;title&quot;:&quot;&quot;,&quot;orientation&quot;:&quot;1&quot;}\" data-image-title=\"Fabio_250430_Leipzig (2)\" data-image-description=\"\" data-image-caption=\"\" data-large-file=\"https:\/\/i0.wp.com\/sound-scribe.com\/wp-content\/uploads\/2025\/05\/fabio_250430_leipzig-2.jpg?fit=1024%2C768&amp;ssl=1\" src=\"https:\/\/i0.wp.com\/sound-scribe.com\/wp-content\/uploads\/2025\/05\/fabio_250430_leipzig-2.jpg?resize=2506%2C1880&#038;ssl=1\" alt=\"\" class=\"wp-image-8344\" \/><\/figure>\n\n\n\n<p class=\"wp-block-paragraph\"><strong><em>Je fajn, \u017ee t\u011bm za\u010d\u00ednaj\u00edc\u00edm kapel\u00e1m a za\u010d\u00ednaj\u00edc\u00edm um\u011blc\u016fm pom\u00e1h\u00e1 n\u011bkdo takov\u00fd.<\/em><\/strong><\/p>\n\n\n\n<p class=\"has-text-align-justify wp-block-paragraph\">Jak opakuji, nen\u00ed to jednoduch\u00e9. Je to n\u011bco, \u010demu mus\u00edte opravdu v\u011b\u0159it a proj\u00edt si spoustou boj\u016f, proto\u017ee osobn\u011b n\u011bkte\u0159\u00ed z t\u011bch muzikant\u016f je\u0161t\u011b nejsou na ur\u010dit\u00e9 v\u011bci p\u0159ipraveni. Nev\u011bd\u00ed, jak p\u0159istupovat k procesu p\u0159ed vyd\u00e1n\u00edm alba a po vyd\u00e1n\u00ed alba. Tak\u017ee je to i takov\u00e1 pr\u00e1ce psychologa, ale je to n\u011bco, co opravdu c\u00edt\u00edm, \u017ee mus\u00edm pro n\u00e1\u0161 pr\u016fmysl ud\u011blat. Pro m\u011b samotn\u00e9ho je velmi obohacuj\u00edc\u00ed, kdy\u017e to funguje.<\/p>\n\n\n\n<p class=\"wp-block-paragraph\"><strong><em>V hudebn\u00edm sv\u011bt\u011b funguje\u0161 u\u017e del\u0161\u00ed dobu.<\/em><\/strong><\/p>\n\n\n\n<p class=\"wp-block-paragraph\">Ano, letos u\u017e 21 let.<\/p>\n\n\n\n<p class=\"wp-block-paragraph\"><strong><em>To je p\u016fsobiv\u00e9. A co tv\u00e9 osobn\u00ed projekty? V\u00edm, \u017ee vedle <\/em>Serenity<em> hraje\u0161 v kapele <\/em>Perchta<em>.<\/em><\/strong><\/p>\n\n\n\n<p class=\"has-text-align-justify wp-block-paragraph\">Ano, Perchta je moment\u00e1ln\u011b v roce 2025 v klidov\u00e9m re\u017eimu z osobn\u00edch d\u016fvod\u016f, kter\u00e9 se mnou nesouvis\u00ed. Tak\u017ee bohu\u017eel nem\u016f\u017eu \u0159\u00edct v\u00edc a jsem \u00fapln\u011b stranou. To je \u0161koda a \u0159\u00edk\u00e1m to s t\u011b\u017ek\u00fdm srdcem, ale v tuto chv\u00edli k tomuto projektu nem\u016f\u017eu nic v\u00edc \u0159\u00edct. Na\u0161t\u011bst\u00ed pracuji na jin\u00fdch v\u011bcech. U\u017e \u0159adu let m\u00e1m v pohotovosti sv\u00e9 s\u00f3lov\u00e9 album, kter\u00e9 snad v jednu chv\u00edli spat\u0159\u00ed sv\u011btlo sv\u011bta. Ale hlavn\u011b pracuji na dal\u0161\u00edm projektu, o kter\u00e9m brzy usly\u0161\u00edte. Je to nov\u00fd projekt a stav\u00edme te\u010f sestavu. Prvn\u00ed zah\u0159\u00edvac\u00ed koncert u\u017e m\u00e1me napl\u00e1novan\u00fd na z\u00e1\u0159\u00ed, ozn\u00e1men\u00ed budou velmi brzy. A je to projekt, na kter\u00e9m pracuji u\u017e mnoho let. A kone\u010dn\u011b bude m\u00edt tak\u00e9 brzy premi\u00e9ru. Ale nem\u016f\u017eu \u0159\u00edct v\u00edc, proto\u017ee to v\u0161echno odhal\u00edme a ozn\u00e1m\u00edme v jednom bloku. Ale u\u017e te\u010f je zamluven\u00e1 prvn\u00ed show na leto\u0161n\u00ed z\u00e1\u0159\u00ed. Je to pro m\u011b velmi vzru\u0161uj\u00edc\u00ed.<\/p>\n\n\n\n<p class=\"wp-block-paragraph\"><strong><em>A co <\/em>Serenity<em>, pracujete te\u010f na n\u011b\u010dem nov\u00e9m?<\/em><\/strong><\/p>\n\n\n\n<p class=\"has-text-align-justify wp-block-paragraph\">Pr\u00e1v\u011b o tom mluv\u00edme. V sou\u010dasn\u00e9 dob\u011b jsme na cest\u00e1ch a pl\u00e1nujeme dal\u0161\u00ed kroky. P\u0159esn\u011b te\u010f p\u0159em\u00fd\u0161l\u00edme o tom, kdy za\u010d\u00edt s produkc\u00ed dal\u0161\u00edho alba a kdy je ten spr\u00e1vn\u00fd \u010das nav\u00e1zat pak na turn\u00e9. Tak\u017ee se o tom mluv\u00ed p\u0159esn\u011b te\u010f.<\/p>\n\n\n\n<figure class=\"wp-block-image size-large\"><img data-recalc-dims=\"1\" loading=\"lazy\" decoding=\"async\" width=\"3188\" height=\"2391\" data-attachment-id=\"8345\" data-permalink=\"https:\/\/sound-scribe.com\/en\/fabio_250430_leipzig-3\/\" data-orig-file=\"https:\/\/i0.wp.com\/sound-scribe.com\/wp-content\/uploads\/2025\/05\/fabio_250430_leipzig-3.jpg?fit=3188%2C2391&amp;ssl=1\" data-orig-size=\"3188,2391\" data-comments-opened=\"1\" data-image-meta=\"{&quot;aperture&quot;:&quot;2.6&quot;,&quot;credit&quot;:&quot;&quot;,&quot;camera&quot;:&quot;DMC-LX3&quot;,&quot;caption&quot;:&quot;&quot;,&quot;created_timestamp&quot;:&quot;1746041253&quot;,&quot;copyright&quot;:&quot;&quot;,&quot;focal_length&quot;:&quot;10.2&quot;,&quot;iso&quot;:&quot;400&quot;,&quot;shutter_speed&quot;:&quot;0.0125&quot;,&quot;title&quot;:&quot;&quot;,&quot;orientation&quot;:&quot;1&quot;}\" data-image-title=\"Fabio_250430_Leipzig (3)\" data-image-description=\"\" data-image-caption=\"\" data-large-file=\"https:\/\/i0.wp.com\/sound-scribe.com\/wp-content\/uploads\/2025\/05\/fabio_250430_leipzig-3.jpg?fit=1024%2C768&amp;ssl=1\" src=\"https:\/\/i0.wp.com\/sound-scribe.com\/wp-content\/uploads\/2025\/05\/fabio_250430_leipzig-3.jpg?resize=3188%2C2391&#038;ssl=1\" alt=\"\" class=\"wp-image-8345\" \/><\/figure>\n\n\n\n<p class=\"wp-block-paragraph\"><strong><em>Promluvme si o tvoj\u00ed historii. Pro\u010d jsi se v\u016fbec rozhodl hr\u00e1t na baskytaru?<\/em><\/strong><\/p>\n\n\n\n<p class=\"has-text-align-justify wp-block-paragraph\">Nepova\u017euji se pouze za baskytaristu, \u0159ekl bych za v\u0161estrann\u00e9ho baskytaristu, proto\u017ee m\u011b opravdu bav\u00ed ka\u017ed\u00fd n\u00e1stroj. Jsem schopen vz\u00edt a n\u011bco ud\u011blat s ka\u017ed\u00fdm, samoz\u0159ejm\u011b v\u010detn\u011b hlasu, proto\u017ee se v\u011bnuji tak\u00e9 zp\u011bvu. S baskytarou je to jednoduch\u00e9. Na bic\u00ed hraji a studuji je u\u017e mnoho let. Ale kdy\u017e jsem byl mal\u00fd, nesm\u011bl jsem m\u00edt doma bic\u00ed soupravu. Tak jsem nikdy nebyl dost zdatn\u00fd na to, abych se stal profesion\u00e1ln\u00edm buben\u00edkem. Bohu\u017eel pro m\u011b, proto\u017ee bic\u00ed jsou st\u00e1le n\u011bco, co ve mn\u011b opravdu zapaluje ohe\u0148. Kdy\u017e je poslouch\u00e1m, a dokonce i p\u0159i produkci, star\u00e1m se o bic\u00ed velmi precizn\u011b.<br>Ale basa p\u0159i\u0161la hned po l\u00e1sce k bic\u00edm. Za\u010dal jsem poslouchat alba, kter\u00e1 m\u011b inspirovala, jako t\u0159eba \u201eBlood Sugar Sex Magik\u201c od <strong>Red Hot Chili Peppers<\/strong>, kter\u00e1 m\u011b opravdu uvedla do sv\u011bta groovov\u011bj\u0161\u00edch basov\u00fdch linek a n\u011b\u010deho, co m\u011b v hloubi du\u0161e opravdu pron\u00e1sleduje v groovech. To m\u011b postr\u010dilo k tomu, abych se na n\u00e1stroj pod\u00edval podrobn\u011bji. Na\u0161el jsem jednu pou\u017eitou basu, vzpom\u00edn\u00e1m si, \u017ee to bylo u\u017e d\u00e1vno, p\u0159ed v\u00edce ne\u017e 25 lety. Nejd\u0159\u00edv jsem ji p\u0159inesl sv\u00e9mu u\u010diteli na bic\u00ed, abych mu ji uk\u00e1zal, proto\u017ee on samoz\u0159ejm\u011b, jako ka\u017ed\u00fd velk\u00fd muzikant, um\u00ed hr\u00e1t trochu na v\u0161echno. A on tu basu vyt\u00e1hl z pevn\u00e9ho pouzdra a za\u010dal na ni hr\u00e1t. \u0158\u00edkal jsem si, jo, je skv\u011bl\u00e1. Tak jsem \u0161el dom\u016f a nem\u011bl jsem zesilova\u010d. Vtipn\u00e9 je, \u017ee abych se s elektrickou basou sly\u0161el, m\u011bl jsem p\u0159\u00edhradovou ty\u010d, kter\u00e1 se dot\u00fdkala pr\u00e1zdn\u00e9 sk\u0159\u00edn\u011b, tak\u017ee jsem baskytaru sly\u0161el z vibrac\u00ed pr\u00e1zdn\u00e9 sk\u0159\u00edn\u011b zp\u00e1tky ke mn\u011b. A takhle jsem za\u010dal hr\u00e1t na basu. Z\u016fstal jsem u n\u00ed, proto\u017ee jsem se do n\u00ed z\u0159ejm\u011b tak\u00e9 zamiloval.<br>Jak opakuji, v\u011bt\u0161inu n\u00e1stroj\u016f zn\u00e1m a m\u00e1m je r\u00e1d. Jsem zamilovan\u00fd do v\u0161ech a na v\u0161echny se sna\u017e\u00edm hr\u00e1t. Um\u00edm hr\u00e1t na bic\u00ed, kytary, kl\u00e1vesy a klav\u00edr, zp\u00edvat a samoz\u0159ejm\u011b i na basu. Tak\u00e9 jen tak pro radost hraji na harfu, ale jsem \u00fapln\u00fd za\u010d\u00e1te\u010dn\u00edk. M\u00e1m jednu ve studiu, na kterou si hraju jen tak pro radost s\u00e1m, proto\u017ee se mi l\u00edb\u00ed jej\u00ed zvuk. Ale pokud jste hudebn\u00ed producent, mus\u00edte se pod\u00edvat na co nejv\u00edce n\u00e1stroj\u016f, abyste v\u011bd\u011bli, o \u010dem mluv\u00edte, kdy\u017e produkujete kapely. Tak\u017ee to je ten p\u0159\u00edb\u011bh.<\/p>\n\n\n\n<p class=\"wp-block-paragraph\"><strong><em>Jak\u00e9 je tv\u00e9 nejobl\u00edben\u011bj\u0161\u00ed album <\/em>Serenity<em> a jakou skladbu hraje\u0161 r\u00e1d na\u017eivo?<\/em><\/strong><\/p>\n\n\n\n<p class=\"has-text-align-justify wp-block-paragraph\">P\u00e1ni, to je t\u011b\u017ek\u00e1 ot\u00e1zka. Mysl\u00edm, \u017ee se to hodn\u011b m\u011bn\u00ed v z\u00e1vislosti na turn\u00e9 a v z\u00e1vislosti na konstelaci, ve kter\u00e9 hrajeme. Mysl\u00edm, \u017ee prozat\u00edm ur\u010dit\u011b \u201eNemesis of AD\u201c. Mo\u017en\u00e1 to bude zn\u00edt lacin\u011b samoz\u0159ejm\u011b, proto\u017ee je to posledn\u00ed album, ale m\u00e1m pocit, \u017ee je to nejsiln\u011bj\u0161\u00ed album, kter\u00e9 m\u00e1me spole\u010dn\u011b s \u201eThe Last Knight\u201c. Ob\u011b alba, zejm\u00e9na d\u00edky Sa\u0161ov\u011b (<strong>Sascha Paeth<\/strong> <em>pozn.<\/em>) pr\u00e1ci a p\u0159isp\u011bn\u00ed, jsou mi nejbli\u017e\u0161\u00ed. Ale samoz\u0159ejm\u011b m\u00e1m r\u00e1d i v\u0161echny star\u00e9 klasiky. Ur\u010dit\u011b jsem fanou\u0161kem prvn\u00edho alba, proto\u017ee tak jsem poznal <strong>Serenity<\/strong>. Kdy\u017e jsem je vid\u011bl hr\u00e1t na\u017eivo je\u0161t\u011b p\u0159edt\u00edm, ne\u017e jsem se k nim p\u0159idal, jako p\u0159edkapelu <strong>Kamelot<\/strong>u. V\u017edycky jsem m\u011bl obl\u00edben\u00e9 p\u00edsni\u010dky z ka\u017ed\u00e9ho alba. Ale ty se neust\u00e1le m\u011bn\u00ed.<\/p>\n\n\n\n<figure class=\"wp-block-image size-large\"><img data-recalc-dims=\"1\" loading=\"lazy\" decoding=\"async\" width=\"2658\" height=\"1993\" data-attachment-id=\"8343\" data-permalink=\"https:\/\/sound-scribe.com\/en\/fabio_250430_leipzig-1\/\" data-orig-file=\"https:\/\/i0.wp.com\/sound-scribe.com\/wp-content\/uploads\/2025\/05\/fabio_250430_leipzig-1.jpg?fit=2658%2C1993&amp;ssl=1\" data-orig-size=\"2658,1993\" data-comments-opened=\"1\" data-image-meta=\"{&quot;aperture&quot;:&quot;2.8&quot;,&quot;credit&quot;:&quot;&quot;,&quot;camera&quot;:&quot;DMC-LX3&quot;,&quot;caption&quot;:&quot;&quot;,&quot;created_timestamp&quot;:&quot;1746041893&quot;,&quot;copyright&quot;:&quot;&quot;,&quot;focal_length&quot;:&quot;12.8&quot;,&quot;iso&quot;:&quot;400&quot;,&quot;shutter_speed&quot;:&quot;0.01&quot;,&quot;title&quot;:&quot;&quot;,&quot;orientation&quot;:&quot;1&quot;}\" data-image-title=\"Fabio_250430_Leipzig (1)\" data-image-description=\"\" data-image-caption=\"\" data-large-file=\"https:\/\/i0.wp.com\/sound-scribe.com\/wp-content\/uploads\/2025\/05\/fabio_250430_leipzig-1.jpg?fit=1024%2C768&amp;ssl=1\" src=\"https:\/\/i0.wp.com\/sound-scribe.com\/wp-content\/uploads\/2025\/05\/fabio_250430_leipzig-1.jpg?resize=2658%2C1993&#038;ssl=1\" alt=\"\" class=\"wp-image-8343\" \/><\/figure>\n\n\n\n<p class=\"wp-block-paragraph\"><strong><em>M\u016f\u017eeme to zakon\u010dit n\u011bjak\u00fdm vzkazem pro metalov\u00e9 fanou\u0161ky a va\u0161e p\u0159\u00edznivce?<\/em><\/strong><\/p>\n\n\n\n<p class=\"has-text-align-justify wp-block-paragraph\">Cht\u011bl bych pod\u011bkovat v\u0161em, kte\u0159\u00ed to \u010dtou. Podporujte i nad\u00e1le \u017eivou hudbu a nez\u00e1visl\u00e9 kapely a kapely jako my, kter\u00e9 jezd\u00ed na turn\u00e9 a sna\u017e\u00ed se d\u011blat svou pr\u00e1ci s v\u00e1\u0161n\u00ed a nasazen\u00edm. Douf\u00e1m, \u017ee se brzy uvid\u00edme n\u011bkde na cest\u00e1ch a tak\u00e9 \u017ee se brzy uvid\u00edme s nov\u00fdm projektem, kter\u00fd ozn\u00e1m\u00edm.<\/p>\n\n\n\n<p class=\"wp-block-paragraph\"><strong>J<em>e\u0161t\u011b jednou Ti d\u011bkuji za tv\u016fj \u010das. Bylo to pro m\u011b velice zaj\u00edmav\u00e9 a t\u011b\u0161\u00edm se na novinky.<\/em><\/strong><\/p>\n\n\n\n<p class=\"wp-block-paragraph\">Nezapome\u0148te n\u00e1s a tak\u00e9 Fabia a jeho studio sledovat na soci\u00e1ln\u00edch s\u00edt\u00edch, aby jste nep\u0159i\u0161li o zaj\u00edmav\u00e9 informace a novinky.<\/p>\n\n\n\n<p class=\"wp-block-paragraph\">Fotografie byly po\u0159\u00edzen\u00e9 b\u011bhem koncertu v Lipsku 30.4.2025<\/p>\n\n\n\n<p class=\"has-medium-font-size wp-block-paragraph\"><strong>English:<\/strong><\/p>\n\n\n\n<p class=\"has-text-align-justify wp-block-paragraph\">When we went to the <strong>Serenity <\/strong>concert in Germany on 30.4.2025, I at least tried to arrange some interview. So I was very happy when <strong>Fabio D&#8217;Amore<\/strong> promised me a few minutes of his time.<\/p>\n\n\n\n<p class=\"wp-block-paragraph\"><strong><em>It&#8217;s nice to meet you again. How are you enjoying to be on stage again?<\/em><\/strong><\/p>\n\n\n\n<p class=\"has-text-align-justify wp-block-paragraph\">Yes, it&#8217;s really great. Also the period is favorable because it&#8217;s spring, it&#8217;s warm, we can stay outside also for this interview. And so we can enjoy a little bit of sun, which is not so bad. Yeah, it&#8217;s really nice.<\/p>\n\n\n\n<p class=\"wp-block-paragraph\"><strong><em>Let&#8217;s talk more about you and your other projects. Maybe about your studio.<\/em><\/strong><\/p>\n\n\n\n<p class=\"has-text-align-justify wp-block-paragraph\">Yes, I&#8217;m managing a studio, <strong>Synonym of Sound<\/strong>. We&#8217;re actually working on a lot of stuff. Our main mission is always to&nbsp;produce and help independent artists&nbsp;getting into the business. So we are really trying to take care of the artists from the rehearsal room and guiding them to the CD release and even further possibly. It&#8217;s a tough mission because I don&#8217;t get to work&nbsp;only with pros, but I try to help the amateurs&nbsp; become pros. It&#8217;s something that you really have to feel inside. It&#8217;s not so easy because those musicians are mainly not living out of music, or in 95 % of the case they don&#8217;t live out of music, so the difficulties in&nbsp;making the productions are multiple due to their jobs, families and commitments. But I try to help them and give them a professional way to approach the entire pre-production and then production project process.<br>We then guide them&nbsp;to be where I am exactly today, for example. Get them on a tour, how to behave, how to sell their merchandise, how to&nbsp;believe in their project,&nbsp;and trying to get them on.&nbsp;Now we even created specific&nbsp;social media&nbsp;and web designs concepts with our partner Cristina,&nbsp;who is taking care of all the&nbsp;marketing part of the bands.&nbsp;When you are a band working with us,&nbsp;you can also, or in most of the cases, the artists are then trying to be followed by a professional person, Christina, who can take care and guide them&nbsp;and create concepts on their specific marketing strategies. Therefore, what they record with me, it&#8217;s not vain, it&#8217;s not lost. I&#8217;m the producer, so it&#8217;s time for me to say goodbye when the&nbsp;master is finished until the next CD. But we try to guide them through her and through her experience to build packages of follow-up in the social medias,&nbsp;take care of the websites,&nbsp;taking care of electronic press kits&nbsp;for the labels. I try to help them in the process of getting in touch with the label&nbsp;and I try to make sure that they have a concept before they expose themselves. As I repeat, it&#8217;s tough because it&#8217;s not like working with an establishment. But of course,&nbsp; that time that it works and the band can make the step further, it&#8217;s very rewarding.<\/p>\n\n\n\n<p class=\"wp-block-paragraph\"><strong><em>It&#8217;s nice that someone else is helping&nbsp;these starting bands and starting artists.<\/em><\/strong><\/p>\n\n\n\n<p class=\"has-text-align-justify wp-block-paragraph\">As I repeat, it&#8217;s not easy. It&#8217;s something you really have to believe in and you go through a lot of struggles because personally, some of these musicians are not still ready to do certain things. They don&#8217;t know how to approach the process before the album release&nbsp;and after the album release. So it&#8217;s also a kind of&nbsp;psychologist&#8217;s work and but it&#8217;s something I really feel like I have to do for the business. For myself it&#8217;s very rewarding when it works.<\/p>\n\n\n\n<p class=\"wp-block-paragraph\"><strong><em>You are living in the music world for quite some time.<\/em><\/strong><\/p>\n\n\n\n<p class=\"wp-block-paragraph\">Yes, 21 years this year.<\/p>\n\n\n\n<p class=\"wp-block-paragraph\"><strong><em>Impresive. What about your personal project? I know next to <\/em>Serenity <em>you are playing in <\/em>Perchta <em>band.<\/em><\/strong><\/p>\n\n\n\n<p class=\"has-text-align-justify wp-block-paragraph\">Yes, <strong>Perchta <\/strong>is at the moment in 2025 in standby due to personal reasons which are unrelated to me.&nbsp;So I cannot say more, unfortunately, and I&#8217;m totally out of it. So it&#8217;s a pity and I can say it with my heart, but there is nothing we can say at the moment about this project. Luckily, I&#8217;m working on other stuff.&nbsp;Since many years, I have my solo album in standby, which is hopefully at one point seeing the light. But mainly I&#8217;m working on another project that you will hear about very soon. It&#8217;s a new project and we are building also the lineup. We have already the first warm-up show scheduled for September, but&nbsp;there will be announcements very soon. And this is a project that I have&nbsp;worked on many years now. And finally it also will debut soon. But I cannot say more because we will reveal it and announce all in one block. But there is already the first show booked for this September. It&#8217;s very exciting for me.<\/p>\n\n\n\n<p class=\"wp-block-paragraph\"><strong><em>And what about <\/em>Serenity<em>, are you working on something new right now?<\/em><\/strong><\/p>\n\n\n\n<p class=\"has-text-align-justify wp-block-paragraph\">We are talking about it&nbsp;as we speak.&nbsp; Now, currently, we are on the road and we are planning the next steps. We are exactly now thinking about when to start the production process for the next album&nbsp;and when is the right time then to follow up with the tour. So it&#8217;s on the talk exactly now.<\/p>\n\n\n\n<p class=\"wp-block-paragraph\"><strong><em>Let&#8217;s talk about your history. Why do you even choose to play bass guitar?<\/em><\/strong><\/p>\n\n\n\n<p class=\"has-text-align-justify wp-block-paragraph\">Yes, I don&#8217;t consider myself a&nbsp;bass player, all-round bass player I would say, because I really enjoy every instrument. I&#8217;m capable to take and&nbsp;do something out of it, including obviously my voice because I&#8217;m a vocal coach. The bass is a simple story. I&#8217;ve been playing drums and studying drums for many years. But&nbsp;when I was a kid, I wasn&#8217;t allowed to have a drum set at home. And so slowly, I obviously wasn&#8217;t fit enough to become a professional drummer, sadly, because drums are still something that really ignited my fire. When I listened to it and even when I do the productions, I take care of drums very accurately.<br>But the bass came right after the drum love. I started to listen to albums that inspired me like&nbsp;&#8222;Blood Sugar Sex Magik&#8220; from <strong>Red Hot Chili Peppers<\/strong> that really&nbsp;introduced me to the world of more groovy bass lines and something that really haunts me in the groove deep inside and this pushed me to take a look at the instrument. I found a used one, I remember it was a long time ago, over 25 years ago.&nbsp;And I actually brought it to my drum teacher&nbsp;just to show him, because he obviously, like every great musician, is able to play a little bit of everything. And he took the bass from the hard case and&nbsp;started to play it. I was like, yeah, it&#8217;s great. So I went home and I didn&#8217;t have an amp. And fun fact is that to be able to hear myself with an electric bass, I had&nbsp;the truss rod touching an empty cupboard,&nbsp;so that I could hear the bass out of the vibrations of the empty cupboard back to me. And this is the way I started to play bass.<br>I stay with it because I&#8217;m obviously also in love with it as I repeat, most of the instruments&nbsp;I know and I like. I&#8217;m in love with all of them and I try to play them all. I can play drums,&nbsp;guitars, keyboards and piano,&nbsp;singing and obviously the bass&nbsp;and I try my best. I am very beginner and just for fun a harp player. I have one in the studio I just play for fun by myself because I like the sound of it.&nbsp;But if you&#8217;re a music producer you need to take&nbsp;a look&nbsp;at&nbsp;as many instruments as possible so that you know what you&#8217;re talking about&nbsp;when you are&nbsp;producing them the bands. So that&#8217;s the story.<\/p>\n\n\n\n<p class=\"wp-block-paragraph\"><strong><em>What&#8217;s your favorite album of <\/em>Serenity <em>and song to play live?<\/em><\/strong><\/p>\n\n\n\n<p class=\"has-text-align-justify wp-block-paragraph\">Wow, that&#8217;s a difficult question. I guess it&#8217;s changing a lot depending on the tour and depending on the constellation we play.\u00a0I think &#8222;Nemesis of AD&#8220; is\u00a0definitely as for now, it might sound cheesy of course because it&#8217;s the latest album, but I feel like it&#8217;s the strongest album we have together with &#8222;The Last Knight&#8220;. Both albums, especially thanks to Sascha&#8217;s (<strong>Sascha Paeth<\/strong>)\u00a0work and contribution, it&#8217;s the albums I feel the most close to me. But of course I like also all the old classics. I&#8217;m for sure a fan of the first album because this is how I got to know <strong>Serenity<\/strong>.\u00a0 When I saw them playing live even before I joined, supporting <strong>Kamelot<\/strong>. I&#8217;ve always had favorite songs for each album. But they are constantly changing.<\/p>\n\n\n\n<p class=\"wp-block-paragraph\"><strong><em>Can we end it with some message for the metal fans and your fans<\/em>?<\/strong><\/p>\n\n\n\n<p class=\"has-text-align-justify wp-block-paragraph\">I would like to thank everybody who is reading this. Keep supporting live music and independent bands and&nbsp;bands like us who are going on the road and trying to do their jobs with passion and commitment.&nbsp;Hopefully see you soon somewhere on the road and also see you soon with the new project I will announce.<\/p>\n\n\n\n<p class=\"wp-block-paragraph\"><strong><em>Thank you again for your time. It was very interesting for me and I look forward to the news.<\/em><\/strong><\/p>\n\n\n\n<p class=\"wp-block-paragraph\">Don&#8217;t forget to follow us and Fabio and his studio on social media so you don&#8217;t miss out on interesting information and news.<\/p>\n\n\n\n<p class=\"wp-block-paragraph\">The photos were taken during the concert in Leipzig on 30.4.2025<\/p>\n\n\n\n<p class=\"wp-block-paragraph\"><\/p>","protected":false},"excerpt":{"rendered":"<p>Fabio D&#8217;Amore discusses his role in managing the studio Synonym of Sound, aiding emerging artists, and shares insights on his band Serenity, personal projects, and the music industry challenges.<\/p>","protected":false},"author":241323962,"featured_media":8355,"comment_status":"open","ping_status":"open","sticky":false,"template":"","format":"standard","meta":{"_crdt_document":"","site-sidebar-layout":"default","site-content-layout":"","ast-site-content-layout":"default","site-content-style":"default","site-sidebar-style":"default","ast-global-header-display":"","ast-banner-title-visibility":"","ast-main-header-display":"","ast-hfb-above-header-display":"","ast-hfb-below-header-display":"","ast-hfb-mobile-header-display":"","site-post-title":"","ast-breadcrumbs-content":"","ast-featured-img":"disabled","footer-sml-layout":"","ast-disable-related-posts":"","theme-transparent-header-meta":"","adv-header-id-meta":"","stick-header-meta":"","header-above-stick-meta":"","header-main-stick-meta":"","header-below-stick-meta":"","astra-migrate-meta-layouts":"default","ast-page-background-enabled":"default","ast-page-background-meta":{"desktop":{"background-color":"var(--ast-global-color-5)","background-image":"","background-repeat":"repeat","background-position":"center center","background-size":"auto","background-attachment":"scroll","background-type":"","background-media":"","overlay-type":"","overlay-color":"","overlay-opacity":"","overlay-gradient":""},"tablet":{"background-color":"","background-image":"","background-repeat":"repeat","background-position":"center center","background-size":"auto","background-attachment":"scroll","background-type":"","background-media":"","overlay-type":"","overlay-color":"","overlay-opacity":"","overlay-gradient":""},"mobile":{"background-color":"","background-image":"","background-repeat":"repeat","background-position":"center center","background-size":"auto","background-attachment":"scroll","background-type":"","background-media":"","overlay-type":"","overlay-color":"","overlay-opacity":"","overlay-gradient":""}},"ast-content-background-meta":{"desktop":{"background-color":"var(--ast-global-color-4)","background-image":"","background-repeat":"repeat","background-position":"center center","background-size":"auto","background-attachment":"scroll","background-type":"","background-media":"","overlay-type":"","overlay-color":"","overlay-opacity":"","overlay-gradient":""},"tablet":{"background-color":"var(--ast-global-color-4)","background-image":"","background-repeat":"repeat","background-position":"center center","background-size":"auto","background-attachment":"scroll","background-type":"","background-media":"","overlay-type":"","overlay-color":"","overlay-opacity":"","overlay-gradient":""},"mobile":{"background-color":"var(--ast-global-color-4)","background-image":"","background-repeat":"repeat","background-position":"center center","background-size":"auto","background-attachment":"scroll","background-type":"","background-media":"","overlay-type":"","overlay-color":"","overlay-opacity":"","overlay-gradient":""}},"advanced_seo_description":"","jetpack_seo_html_title":"","jetpack_seo_noindex":false,"_jetpack_newsletter_access":"","_jetpack_dont_email_post_to_subs":false,"_jetpack_newsletter_tier_id":0,"_jetpack_memberships_contains_paywalled_content":false,"_jetpack_memberships_contains_paid_content":false,"footnotes":"","jetpack_publicize_message":"Finally new interview online. Very interesting conversation with Fabio D'Amore not just about Serenity, but mostly about his studio (Synonym of Sound) and other music projects.\nI'm thankful for his time and hope you will enjoy reading!\n\n#interview #FabioDAmore #Serenity #SynonymofSound ","jetpack_publicize_feature_enabled":true,"jetpack_social_post_already_shared":false,"jetpack_social_options":{"image_generator_settings":{"template":"highway","default_image_id":0,"enabled":false},"version":2},"_wpas_customize_per_network":false,"jetpack_post_was_ever_published":false},"categories":[777397657],"tags":[2757063,11788,1393,14850870,27352],"class_list":["post-8314","post","type-post","status-publish","format-standard","has-post-thumbnail","hentry","category-the-interview-pit","tag-2757063","tag-interview","tag-metal","tag-perchta","tag-serenity"],"jetpack_publicize_connections":[],"jetpack_featured_media_url":"https:\/\/i0.wp.com\/sound-scribe.com\/wp-content\/uploads\/2025\/05\/fabio_250430_leipzig-4-1.jpg?fit=1794%2C2392&ssl=1","jetpack_likes_enabled":true,"jetpack_sharing_enabled":true,"jetpack_shortlink":"https:\/\/wp.me\/pfd0HC-2a6","jetpack-related-posts":[{"id":4915,"url":"https:\/\/sound-scribe.com\/en\/2024\/10\/09\/posledni-show-battle-beast-roku-2024\/","url_meta":{"origin":8314,"position":0},"title":"Posledn\u00ed show Battle Beast roku 2024","author":"Kerry Lynx","date":"9 October 2024","format":false,"excerpt":"\u2193\u2193\u2193 English version down below \u2193\u2193\u2193 V ned\u011bli 6.10.2024 jsem se vydala na \u0161\u00edlen\u00fd v\u00fdlet do Hannoveru, abych vid\u011bla ne jen jednu, ale hned dv\u011b sv\u00e9 obl\u00edben\u00e9 kapely. Battle Beast a Serenity jsem prost\u011b letos musela vid\u011bt je\u0161t\u011b jednou a tohle byla posledn\u00ed \u0161ance. A ten v\u00fdlet rozhodn\u011b st\u00e1l za\u2026","rel":"","context":"In &quot;Live Loud&quot;","block_context":{"text":"Live Loud","link":"https:\/\/sound-scribe.com\/en\/category\/live-loud\/"},"img":{"alt_text":"","src":"https:\/\/i0.wp.com\/sound-scribe.com\/wp-content\/uploads\/2024\/10\/psx_20241009_082523.jpg?fit=948%2C1200&ssl=1&resize=350%2C200","width":350,"height":200,"srcset":"https:\/\/i0.wp.com\/sound-scribe.com\/wp-content\/uploads\/2024\/10\/psx_20241009_082523.jpg?fit=948%2C1200&ssl=1&resize=350%2C200 1x, https:\/\/i0.wp.com\/sound-scribe.com\/wp-content\/uploads\/2024\/10\/psx_20241009_082523.jpg?fit=948%2C1200&ssl=1&resize=525%2C300 1.5x, https:\/\/i0.wp.com\/sound-scribe.com\/wp-content\/uploads\/2024\/10\/psx_20241009_082523.jpg?fit=948%2C1200&ssl=1&resize=700%2C400 2x"},"classes":[]},{"id":1472,"url":"https:\/\/sound-scribe.com\/en\/2024\/03\/12\/siegfried-of-dragony\/","url_meta":{"origin":8314,"position":1},"title":"Siegfried of Dragony","author":"Kerry Lynx","date":"12 March 2024","format":false,"excerpt":"\u2193\u2193\u2193 English text down below \u2193\u2193\u2193 M\u011bla jsem p\u0159\u00edle\u017eitost se setkat se Siegfriedem Samerem p\u0159ed pra\u017esk\u00fdm koncertem Dragony, kdy\u017e p\u0159edskakovali kapele Warkings na jejich turn\u00e9 (report z koncertu najdete zde). Pov\u00eddali jsme si o jeho minulosti, o budoucnosti Dragony a tak\u00e9 o turn\u00e9. Ahoj, r\u00e1da t\u011b znovu potk\u00e1v\u00e1m a d\u011bkuji\u2026","rel":"","context":"In &quot;The Interview Pit&quot;","block_context":{"text":"The Interview Pit","link":"https:\/\/sound-scribe.com\/en\/category\/the-interview-pit\/"},"img":{"alt_text":"","src":"https:\/\/i0.wp.com\/sound-scribe.com\/wp-content\/uploads\/2024\/03\/dsc08496.jpg?fit=1200%2C800&ssl=1&resize=350%2C200","width":350,"height":200,"srcset":"https:\/\/i0.wp.com\/sound-scribe.com\/wp-content\/uploads\/2024\/03\/dsc08496.jpg?fit=1200%2C800&ssl=1&resize=350%2C200 1x, https:\/\/i0.wp.com\/sound-scribe.com\/wp-content\/uploads\/2024\/03\/dsc08496.jpg?fit=1200%2C800&ssl=1&resize=525%2C300 1.5x, https:\/\/i0.wp.com\/sound-scribe.com\/wp-content\/uploads\/2024\/03\/dsc08496.jpg?fit=1200%2C800&ssl=1&resize=700%2C400 2x, https:\/\/i0.wp.com\/sound-scribe.com\/wp-content\/uploads\/2024\/03\/dsc08496.jpg?fit=1200%2C800&ssl=1&resize=1050%2C600 3x"},"classes":[]},{"id":3223,"url":"https:\/\/sound-scribe.com\/en\/2024\/06\/15\/metalfest-2024\/","url_meta":{"origin":8314,"position":2},"title":"Metalfest 2024","author":"Kerry Lynx","date":"15 June 2024","format":false,"excerpt":"Prvn\u00ed \u010dervnov\u00fd v\u00edkend ji\u017e tradi\u010dn\u011b pat\u0159\u00ed Plze\u0148sk\u00e9mu Metalfestu a tento rok nebyl v\u00fdjimkou, proto jsem se tam tak\u00e9 vypravila. Kempy a prvn\u00ed st\u00e1nky se otv\u00edrali ji\u017e ve \u010dtvrtek 30.5. a Plze\u0148 se pomalu za\u010dala plnit metalisty nejenom z \u010cesk\u00e9 republiky a okol\u00ed, ale tak\u00e9 z dal\u0161\u00edch zem\u00ed. Jedin\u00fdm negativn\u00edm vlivem\u2026","rel":"","context":"In &quot;Live Loud&quot;","block_context":{"text":"Live Loud","link":"https:\/\/sound-scribe.com\/en\/category\/live-loud\/"},"img":{"alt_text":"","src":"https:\/\/i0.wp.com\/sound-scribe.com\/wp-content\/uploads\/2024\/06\/metalfest_day_3-8.jpg?fit=1200%2C900&ssl=1&resize=350%2C200","width":350,"height":200,"srcset":"https:\/\/i0.wp.com\/sound-scribe.com\/wp-content\/uploads\/2024\/06\/metalfest_day_3-8.jpg?fit=1200%2C900&ssl=1&resize=350%2C200 1x, https:\/\/i0.wp.com\/sound-scribe.com\/wp-content\/uploads\/2024\/06\/metalfest_day_3-8.jpg?fit=1200%2C900&ssl=1&resize=525%2C300 1.5x, https:\/\/i0.wp.com\/sound-scribe.com\/wp-content\/uploads\/2024\/06\/metalfest_day_3-8.jpg?fit=1200%2C900&ssl=1&resize=700%2C400 2x, https:\/\/i0.wp.com\/sound-scribe.com\/wp-content\/uploads\/2024\/06\/metalfest_day_3-8.jpg?fit=1200%2C900&ssl=1&resize=1050%2C600 3x"},"classes":[]},{"id":8954,"url":"https:\/\/sound-scribe.com\/en\/2025\/06\/06\/mytus-lidstva\/","url_meta":{"origin":8314,"position":3},"title":"M\u00fdtus lidstva","author":"Kerry Lynx","date":"6 June 2025","format":false,"excerpt":"Skupina Aexylium vydala nov\u00e9 album \"Myth of Mankind\", kter\u00e9 ukazuje jejich hudebn\u00ed v\u00fdvoj s t\u011b\u017ek\u00fdmi riffy a v\u00fdrazn\u00fdmi melodiemi. Obsahuje 11 skladeb a jeho celkov\u00e9 hodnocen\u00ed je 75%.","rel":"","context":"In &quot;Track Talk&quot;","block_context":{"text":"Track Talk","link":"https:\/\/sound-scribe.com\/en\/category\/track-talk\/"},"img":{"alt_text":"Album cover of \"Myth of Mankind\" of the Italian band Aexylium","src":"https:\/\/i0.wp.com\/sound-scribe.com\/wp-content\/uploads\/2025\/06\/cover-high-res.jpg?fit=1200%2C1200&ssl=1&resize=350%2C200","width":350,"height":200,"srcset":"https:\/\/i0.wp.com\/sound-scribe.com\/wp-content\/uploads\/2025\/06\/cover-high-res.jpg?fit=1200%2C1200&ssl=1&resize=350%2C200 1x, https:\/\/i0.wp.com\/sound-scribe.com\/wp-content\/uploads\/2025\/06\/cover-high-res.jpg?fit=1200%2C1200&ssl=1&resize=525%2C300 1.5x, https:\/\/i0.wp.com\/sound-scribe.com\/wp-content\/uploads\/2025\/06\/cover-high-res.jpg?fit=1200%2C1200&ssl=1&resize=700%2C400 2x, https:\/\/i0.wp.com\/sound-scribe.com\/wp-content\/uploads\/2025\/06\/cover-high-res.jpg?fit=1200%2C1200&ssl=1&resize=1050%2C600 3x"},"classes":[]},{"id":3583,"url":"https:\/\/sound-scribe.com\/en\/2024\/06\/24\/matka\/","url_meta":{"origin":8314,"position":4},"title":"Matka","author":"Kerry Lynx","date":"24 June 2024","format":false,"excerpt":"Dnes bych se cht\u011bla v\u011bnovat dal\u0161\u00ed folkov\u00e9 kapele, ale tentokr\u00e1t z Tyrolska inspirovanou m\u00edstn\u00edmi legendami a horami. Kapela Perchta m\u00e1 zhudeb\u0148ovat pr\u00e1v\u011b m\u00fdtickou postavu pan\u00ed Perchty, kterou zosob\u0148uje vokalistka Julia. P\u016fvodn\u011b to byl pouze projekt zalo\u017een\u00fd pr\u00e1v\u011b Juli\u00ed a Fabiem, kte\u0159\u00ed spole\u010dn\u011b vytv\u00e1\u0159eli ji\u017e prvn\u00ed album \"Uf\u00e5ng\" od roku 2017.\u2026","rel":"","context":"In &quot;Track Talk&quot;","block_context":{"text":"Track Talk","link":"https:\/\/sound-scribe.com\/en\/category\/track-talk\/"},"img":{"alt_text":"","src":"https:\/\/i0.wp.com\/sound-scribe.com\/wp-content\/uploads\/2024\/06\/perchta_dmuata_cover.jpg?fit=1200%2C1200&ssl=1&resize=350%2C200","width":350,"height":200,"srcset":"https:\/\/i0.wp.com\/sound-scribe.com\/wp-content\/uploads\/2024\/06\/perchta_dmuata_cover.jpg?fit=1200%2C1200&ssl=1&resize=350%2C200 1x, https:\/\/i0.wp.com\/sound-scribe.com\/wp-content\/uploads\/2024\/06\/perchta_dmuata_cover.jpg?fit=1200%2C1200&ssl=1&resize=525%2C300 1.5x, https:\/\/i0.wp.com\/sound-scribe.com\/wp-content\/uploads\/2024\/06\/perchta_dmuata_cover.jpg?fit=1200%2C1200&ssl=1&resize=700%2C400 2x, https:\/\/i0.wp.com\/sound-scribe.com\/wp-content\/uploads\/2024\/06\/perchta_dmuata_cover.jpg?fit=1200%2C1200&ssl=1&resize=1050%2C600 3x"},"classes":[]},{"id":5210,"url":"https:\/\/sound-scribe.com\/en\/2024\/10\/23\/gus-g-of-firewind\/","url_meta":{"origin":8314,"position":5},"title":"Gus G of Firewind","author":"Kerry Lynx","date":"23 October 2024","format":false,"excerpt":"\u2193\u2193\u2193 English down below \u2193\u2193\u2193 P\u0159ed koncertem Firewind v Poznani 12.10.2024 jsem m\u011bla mo\u017enost posed\u011bt s Gusem G a polo\u017eit mu n\u011bkolik ot\u00e1zek. Je\u0161t\u011b jednou d\u011bkuji za tv\u016fj \u010das a za odpov\u011bdi. Ahoj Gusi, dnes ve\u010der je posledn\u00ed koncert va\u0161eho turn\u00e9 a cht\u011bla jsem se zeptat, jak jste si ho\u2026","rel":"","context":"In &quot;The Interview Pit&quot;","block_context":{"text":"The Interview Pit","link":"https:\/\/sound-scribe.com\/en\/category\/the-interview-pit\/"},"img":{"alt_text":"","src":"https:\/\/i0.wp.com\/sound-scribe.com\/wp-content\/uploads\/2024\/10\/815a0758-enhanced-nr.jpg?fit=1200%2C800&ssl=1&resize=350%2C200","width":350,"height":200,"srcset":"https:\/\/i0.wp.com\/sound-scribe.com\/wp-content\/uploads\/2024\/10\/815a0758-enhanced-nr.jpg?fit=1200%2C800&ssl=1&resize=350%2C200 1x, https:\/\/i0.wp.com\/sound-scribe.com\/wp-content\/uploads\/2024\/10\/815a0758-enhanced-nr.jpg?fit=1200%2C800&ssl=1&resize=525%2C300 1.5x, https:\/\/i0.wp.com\/sound-scribe.com\/wp-content\/uploads\/2024\/10\/815a0758-enhanced-nr.jpg?fit=1200%2C800&ssl=1&resize=700%2C400 2x, https:\/\/i0.wp.com\/sound-scribe.com\/wp-content\/uploads\/2024\/10\/815a0758-enhanced-nr.jpg?fit=1200%2C800&ssl=1&resize=1050%2C600 3x"},"classes":[]}],"_links":{"self":[{"href":"https:\/\/sound-scribe.com\/en\/wp-json\/wp\/v2\/posts\/8314","targetHints":{"allow":["GET"]}}],"collection":[{"href":"https:\/\/sound-scribe.com\/en\/wp-json\/wp\/v2\/posts"}],"about":[{"href":"https:\/\/sound-scribe.com\/en\/wp-json\/wp\/v2\/types\/post"}],"author":[{"embeddable":true,"href":"https:\/\/sound-scribe.com\/en\/wp-json\/wp\/v2\/users\/241323962"}],"replies":[{"embeddable":true,"href":"https:\/\/sound-scribe.com\/en\/wp-json\/wp\/v2\/comments?post=8314"}],"version-history":[{"count":25,"href":"https:\/\/sound-scribe.com\/en\/wp-json\/wp\/v2\/posts\/8314\/revisions"}],"predecessor-version":[{"id":8361,"href":"https:\/\/sound-scribe.com\/en\/wp-json\/wp\/v2\/posts\/8314\/revisions\/8361"}],"wp:featuredmedia":[{"embeddable":true,"href":"https:\/\/sound-scribe.com\/en\/wp-json\/wp\/v2\/media\/8355"}],"wp:attachment":[{"href":"https:\/\/sound-scribe.com\/en\/wp-json\/wp\/v2\/media?parent=8314"}],"wp:term":[{"taxonomy":"category","embeddable":true,"href":"https:\/\/sound-scribe.com\/en\/wp-json\/wp\/v2\/categories?post=8314"},{"taxonomy":"post_tag","embeddable":true,"href":"https:\/\/sound-scribe.com\/en\/wp-json\/wp\/v2\/tags?post=8314"}],"curies":[{"name":"wp","href":"https:\/\/api.w.org\/{rel}","templated":true}]}}