{"id":7035,"date":"2025-03-23T19:07:31","date_gmt":"2025-03-23T18:07:31","guid":{"rendered":"https:\/\/sound-scribe.com\/?p=7035"},"modified":"2025-03-23T19:07:31","modified_gmt":"2025-03-23T18:07:31","slug":"dominik-sebastian-of-serious-black","status":"publish","type":"post","link":"https:\/\/sound-scribe.com\/en\/2025\/03\/23\/dominik-sebastian-of-serious-black\/","title":{"rendered":"Dominik Sebastian of Serious Black"},"content":{"rendered":"<p class=\"wp-block-paragraph\">\u2193\u2193\u2193 English down below \u2193\u2193\u2193<\/p>\n\n\n\n<p class=\"has-text-align-justify wp-block-paragraph\">P\u0159ed vystoupen\u00edm skupiny <strong>Serious Black<\/strong> v pra\u017esk\u00e9m <strong>Storm Clubu<\/strong> jsem m\u011bla mo\u017enost si kr\u00e1tce popov\u00eddat s kytaristou a jedn\u00edm ze zakl\u00e1daj\u00edc\u00edch \u010dlen\u016f pr\u00e1v\u011b t\u00e9to skupinu, s <strong>Dominikem Sebastianem<\/strong>.<\/p>\n\n\n\n<p class=\"wp-block-paragraph\"><strong><em>Ahoj, r\u00e1da v\u00e1s pozn\u00e1v\u00e1m a znovu se s v\u00e1mi setk\u00e1v\u00e1m! Sv\u00e9 posledn\u00ed album (\u201eRise of Akhenaton\u201c) jste vydali loni v \u0159\u00edjnu. Jak bylo p\u0159ijato? Jak na n\u011bj reagovali fanou\u0161ci?<\/em><\/strong><\/p>\n\n\n\n<p class=\"has-text-align-justify wp-block-paragraph\">Ano, p\u0159esn\u011b v dob\u011b, kdy jsme byli na turn\u00e9 se <strong>Sonatou Arcticou<\/strong>. Album jsme vydali mysl\u00edm t\u00fdden po za\u010d\u00e1tku turn\u00e9. Reakce byly naprosto skv\u011bl\u00e9! Mysl\u00edm, \u017ee jsme po minul\u00e9m albu mohli ud\u011blat zase krok dop\u0159edu, hudebn\u011b. V\u0161echno bylo zat\u00edm p\u0159ijato, i p\u0159i \u017eiv\u00fdch vystoupen\u00edch hrajeme na koncert\u011b \u010dty\u0159i p\u00edsni\u010dky z posledn\u00edho alba. Ano, mysl\u00edm, \u017ee reakce jsou dobr\u00e9.<\/p>\n\n\n\n<p class=\"wp-block-paragraph\"><strong><em>Bylo to druh\u00e9 album s va\u0161\u00edm sou\u010dasn\u00fdm zp\u011bv\u00e1kem <\/em>Nikolou<em>.<\/em><\/strong><\/p>\n\n\n\n<p class=\"wp-block-paragraph\">Odv\u00e1d\u00ed \u00fa\u017easnou pr\u00e1ci jak na CD, tak na p\u00f3diu. Je to b\u00e1je\u010dn\u00e9.<\/p>\n\n\n\n<p class=\"wp-block-paragraph\"><strong><em>Kdy\u017e mluv\u00edme o albech, kter\u00e9 z nich m\u00e1\u0161 Ty osobn\u011b nejrad\u011bji?<\/em><\/strong><\/p>\n\n\n\n<p class=\"wp-block-paragraph\">\u0158ekl bych, \u017ee \u201eVengeance is Mine\u201c, to by bylo moje nejobl\u00edben\u011bj\u0161\u00ed album od n\u00e1s.<\/p>\n\n\n\n<p class=\"wp-block-paragraph\"><strong><em>A n\u011bjak\u00e1 obl\u00edben\u00e1 p\u00edse\u0148?<\/em><\/strong><\/p>\n\n\n\n<p class=\"has-text-align-justify wp-block-paragraph\">Vybral bych jednu z t\u011bch, kter\u00e9 jsem napsal, mysl\u00edm \u201eShades of Glory\u201c nebo \u2026jak se jmenovala ta p\u00edsni\u010dka z \u201eVengeance is Mine\u201c\u2026 U\u017e jsem zapomn\u011bl, jak se jmenovala, stejn\u011b jsme ji nikdy nehr\u00e1li na\u017eivo.<\/p>\n\n\n\n<figure class=\"wp-block-image size-large\"><img data-recalc-dims=\"1\" loading=\"lazy\" decoding=\"async\" width=\"1600\" height=\"1068\" data-attachment-id=\"7025\" data-permalink=\"https:\/\/sound-scribe.com\/en\/2025\/03\/18\/serious-black-v-praze\/serious-black_15-03-2025_dsc_3514\/\" data-orig-file=\"https:\/\/i0.wp.com\/sound-scribe.com\/wp-content\/uploads\/2025\/03\/serious-black_15.03.2025_dsc_3514.jpeg?fit=1600%2C1068&amp;ssl=1\" data-orig-size=\"1600,1068\" data-comments-opened=\"1\" data-image-meta=\"{&quot;aperture&quot;:&quot;0&quot;,&quot;credit&quot;:&quot;LENKA MACHULDOVA&quot;,&quot;camera&quot;:&quot;&quot;,&quot;caption&quot;:&quot;&quot;,&quot;created_timestamp&quot;:&quot;0&quot;,&quot;copyright&quot;:&quot;&quot;,&quot;focal_length&quot;:&quot;0&quot;,&quot;iso&quot;:&quot;0&quot;,&quot;shutter_speed&quot;:&quot;0&quot;,&quot;title&quot;:&quot;&quot;,&quot;orientation&quot;:&quot;0&quot;}\" data-image-title=\"Serious Black_15.03.2025_DSC_3514\" data-image-description=\"\" data-image-caption=\"\" data-large-file=\"https:\/\/i0.wp.com\/sound-scribe.com\/wp-content\/uploads\/2025\/03\/serious-black_15.03.2025_dsc_3514.jpeg?fit=1024%2C684&amp;ssl=1\" src=\"https:\/\/i0.wp.com\/sound-scribe.com\/wp-content\/uploads\/2025\/03\/serious-black_15.03.2025_dsc_3514.jpeg?resize=1600%2C1068&#038;ssl=1\" alt=\"\" class=\"wp-image-7025\" \/><\/figure>\n\n\n\n<p class=\"wp-block-paragraph\"><strong><em>Moje dal\u0161\u00ed ot\u00e1zka zn\u00ed, kdo nejv\u00edc p\u00ed\u0161e hudbu a texty?<\/em><\/strong><\/p>\n\n\n\n<p class=\"has-text-align-justify wp-block-paragraph\">V\u00edcem\u00e9n\u011b v\u0161ichni dohromady. Ka\u017ed\u00fd p\u0159ihod\u00ed n\u011bjak\u00fd n\u00e1pad, n\u011bjak\u00fd riff, n\u011bjakou vok\u00e1ln\u00ed linku. A pak <strong>Mario Lochert<\/strong> and <strong>Bob Katsionis<\/strong> d\u011blaj\u00ed aran\u017ee a ob\u010das vezmou n\u011bjak\u00fd n\u00e1pad odn\u011bkud, daj\u00ed ho dohromady a vytvo\u0159\u00ed p\u00edsni\u010dku.<\/p>\n\n\n\n<p class=\"wp-block-paragraph\"><strong><em>Zm\u00ednil jsi <\/em>Boba<em>, v\u00edm, \u017ee u\u017e je n\u011bjakou dobu mimo kapelu. Tak\u017ee je te\u010f zp\u00e1tky a pracuje s v\u00e1mi na CD?<\/em><\/strong><\/p>\n\n\n\n<p class=\"has-text-align-justify wp-block-paragraph\">Ano, na aran\u017em\u00e1, produkci, samoz\u0159ejm\u011b hr\u00e1l i n\u011bkter\u00e9 kytarov\u00e9 linky a kl\u00e1vesy. Ale m\u00e1 toho tolik na pr\u00e1ci, \u017ee u\u017e nem\u016f\u017ee jezdit a turn\u00e9 ho nebav\u00ed. Je tak trochu \u010dlenem, ale ne. Ne \u017eiv\u00fdm \u010dlenem.<\/p>\n\n\n\n<p class=\"wp-block-paragraph\"><strong><em>Kdy\u017e se bav\u00edme o hudb\u011b, kdo je tvou inspirac\u00ed a pro\u010d jsi v\u016fbec za\u010dal hr\u00e1t na kytaru?<\/em><\/strong><\/p>\n\n\n\n<p class=\"has-text-align-justify wp-block-paragraph\">Mysl\u00edm, \u017ee mi bylo dvan\u00e1ct a u\u017e tehdy jsem vid\u011bl sv\u016fj prvn\u00ed koncert, byl to koncert <strong>Pink Floyd<\/strong> v Linci, bylo to v roce 1989, a od t\u00e9 chv\u00edle jsem cht\u011bl b\u00fdt na p\u00f3diu. Samoz\u0159ejm\u011b takhle velk\u00e9, je\u0161t\u011b ne, ale stejn\u011b. Tak m\u011b rodi\u010de p\u0159ihl\u00e1sili na hodiny kytary ve \u0161kole, na prvn\u00ed kr\u016f\u010dky. T\u00e1ta u\u017e m\u011bl doma akustickou kytaru, tak\u017ee to nebyl probl\u00e9m. Po tomto prvn\u00edm roce tyto hodiny ve \u0161kole skon\u010dily, tak\u017ee jsem \u0161el do hudebn\u00ed \u0161koly a u\u010dil se hr\u00e1t na klasickou kytaru. S prstokladem, klasickou hudbou <strong>Johanna Sebastiana Bacha<\/strong> a podobn\u011b. P\u00edsni\u010dky, kter\u00e9 jsem se musel nau\u010dit, jsem moc necvi\u010dil, ale vzal jsem si v\u0161echno, co je pro m\u011b d\u016fle\u017eit\u00e9, a za\u010dal jsem skl\u00e1dat. CD s m\u00fdmi vlastnoru\u010dn\u011b nahran\u00fdmi klasick\u00fdmi skladbami le\u017e\u00ed v \u0161upl\u00edku, mo\u017en\u00e1 je jednou vyd\u00e1m. Ka\u017edop\u00e1dn\u011b krok za krokem jsem se nau\u010dil hr\u00e1t na klasickou kytaru, pak jsem si trochu vy\u0161l\u00e1pl na elektrickou kytaru, pak na kytary s ocelov\u00fdmi strunami, na v\u00edce finger-picking styl atd. Pak jsem skon\u010dil v r\u016fzn\u00fdch lok\u00e1ln\u00edch kapel\u00e1ch v rakousk\u00e9m Linci a postupn\u011b jsem se dostal na dal\u0161\u00ed \u00farove\u0148 zn\u00e1m\u00fdch kapel, t\u0159eba <strong>Eden Bridge<\/strong>, a to m\u011b sezn\u00e1milo s <strong>Mariem<\/strong>, kter\u00fd d\u011blal pro EB zvukov\u00fd engeneering, pak jsem s n\u00edm m\u011bl n\u011bjakou produkci pro jinou kapelu a pak se m\u011b zeptal, jestli bych se nep\u0159idal k jeho n\u00e1padu na novou kapelu, kter\u00e1 se te\u010f jmenuje <strong>Serious Black<\/strong>.<\/p>\n\n\n\n<figure class=\"wp-block-image size-large\"><img data-recalc-dims=\"1\" loading=\"lazy\" decoding=\"async\" width=\"1600\" height=\"1068\" data-attachment-id=\"7014\" data-permalink=\"https:\/\/sound-scribe.com\/en\/2025\/03\/18\/serious-black-v-praze\/serious-black_15-03-2025_dsc_0061\/\" data-orig-file=\"https:\/\/i0.wp.com\/sound-scribe.com\/wp-content\/uploads\/2025\/03\/serious-black_15.03.2025_dsc_0061.jpeg?fit=1600%2C1068&amp;ssl=1\" data-orig-size=\"1600,1068\" data-comments-opened=\"1\" data-image-meta=\"{&quot;aperture&quot;:&quot;0&quot;,&quot;credit&quot;:&quot;LENKA MACHULDOVA&quot;,&quot;camera&quot;:&quot;&quot;,&quot;caption&quot;:&quot;&quot;,&quot;created_timestamp&quot;:&quot;0&quot;,&quot;copyright&quot;:&quot;&quot;,&quot;focal_length&quot;:&quot;0&quot;,&quot;iso&quot;:&quot;0&quot;,&quot;shutter_speed&quot;:&quot;0&quot;,&quot;title&quot;:&quot;&quot;,&quot;orientation&quot;:&quot;0&quot;}\" data-image-title=\"Serious Black_15.03.2025_DSC_0061\" data-image-description=\"\" data-image-caption=\"\" data-large-file=\"https:\/\/i0.wp.com\/sound-scribe.com\/wp-content\/uploads\/2025\/03\/serious-black_15.03.2025_dsc_0061.jpeg?fit=1024%2C684&amp;ssl=1\" src=\"https:\/\/i0.wp.com\/sound-scribe.com\/wp-content\/uploads\/2025\/03\/serious-black_15.03.2025_dsc_0061.jpeg?resize=1600%2C1068&#038;ssl=1\" alt=\"\" class=\"wp-image-7014\" \/><\/figure>\n\n\n\n<p class=\"wp-block-paragraph\"><em><strong>Jeden z fanou\u0161k\u016f\/fanynek cht\u011bl v\u011bd\u011bt, kdo z kapely je nejv\u011bt\u0161\u00ed bru\u010doun a kdo nejvtipn\u011bj\u0161\u00ed.<\/strong><\/em><\/p>\n\n\n\n<p class=\"has-text-align-justify wp-block-paragraph\">To z\u00e1le\u017e\u00ed na denn\u00ed dob\u011b. R\u00e1no jsem bru\u010doun, nevrl\u00e1 ko\u010dka. Z\u00e1le\u017e\u00ed samoz\u0159ejm\u011b tak\u00e9 na denn\u00edch novink\u00e1ch v hudebn\u00ed bran\u017ei, pak to m\u016f\u017ee b\u00fdt Mario, kter\u00fd se po\u0159\u00e1dn\u011b na\u0161tve kv\u016fli n\u011b\u010demu, co nefunguje, jak m\u00e1. S nejvtipn\u011bj\u0161\u00edm je to jednou jeden, podruh\u00e9 druh\u00fd. V\u0161ichni jsme podle m\u011b vtipn\u00ed kluci, ale v\u0161ichni m\u00e1me opravdu p\u0159\u00edm\u00e9 my\u0161len\u00ed a v sob\u011b n\u011bjak\u00e9 v\u00e1\u017en\u00e9 v\u011bci. Dok\u00e1\u017eeme v\u00e9st v\u00e1\u017enou diskusi a p\u0159itom se bavit. Na nikoho bych neukazoval.<\/p>\n\n\n\n<p class=\"wp-block-paragraph\"><strong><em>Kdy\u017e jste te\u010f na turn\u00e9, m\u00e1te nejhor\u0161\u00ed vzpom\u00ednku z turn\u00e9?<\/em><\/strong><\/p>\n\n\n\n<p class=\"wp-block-paragraph\">Samoz\u0159ejm\u011b, ale nikomu to ne\u0159eknu.<\/p>\n\n\n\n<p class=\"wp-block-paragraph\"><strong><em>Dob\u0159e, a jedna z va\u0161ich nej\u0161\u0165astn\u011bj\u0161\u00edch vzpom\u00ednek?<\/em><\/strong><\/p>\n\n\n\n<p class=\"has-text-align-justify wp-block-paragraph\">Spoustu z\u00e1\u017eitk\u016f. Nem\u016f\u017eu si vzpomenout na \u017e\u00e1dnou konkr\u00e9tn\u00ed. Je to jako v komedi\u00edch na facku, stane se to a pak je to pry\u010d. A pro nikoho jin\u00e9ho to nen\u00ed vtipn\u00e9. \u0160patn\u00e9 okam\u017eiky jsou, kdy\u017e je autobus p\u0159ipraven k odjezdu a vy si vzpomenete, \u017ee jste v n\u011bm n\u011bco zapomn\u011bli.<\/p>\n\n\n\n<p class=\"wp-block-paragraph\"><strong><em>A co zat\u00edm nejlep\u0161\u00ed turn\u00e9?<\/em><\/strong><\/p>\n\n\n\n<p class=\"has-text-align-justify wp-block-paragraph\">Nejlep\u0161\u00ed turn\u00e9 bych \u0159ekl, \u017ee bylo turn\u00e9 se <strong>Sonatou Arcticou<\/strong>. Byly tam n\u011bjak\u00e9 probl\u00e9my a h\u00e1dky, to se st\u00e1v\u00e1 v\u017edycky. Ale bylo to opravdu hladk\u00e9, pohodov\u00e9 a lidi mluvili na rovinu a v pohod\u011b. Pro m\u011b to bylo zat\u00edm nejlep\u0161\u00ed turn\u00e9.<\/p>\n\n\n\n<figure class=\"wp-block-image size-large\"><img data-recalc-dims=\"1\" loading=\"lazy\" decoding=\"async\" width=\"1600\" height=\"1068\" data-attachment-id=\"7020\" data-permalink=\"https:\/\/sound-scribe.com\/en\/2025\/03\/18\/serious-black-v-praze\/serious-black_15-03-2025_dsc_3741\/\" data-orig-file=\"https:\/\/i0.wp.com\/sound-scribe.com\/wp-content\/uploads\/2025\/03\/serious-black_15.03.2025_dsc_3741.jpeg?fit=1600%2C1068&amp;ssl=1\" data-orig-size=\"1600,1068\" data-comments-opened=\"1\" data-image-meta=\"{&quot;aperture&quot;:&quot;0&quot;,&quot;credit&quot;:&quot;LENKA MACHULDOVA&quot;,&quot;camera&quot;:&quot;&quot;,&quot;caption&quot;:&quot;&quot;,&quot;created_timestamp&quot;:&quot;0&quot;,&quot;copyright&quot;:&quot;&quot;,&quot;focal_length&quot;:&quot;0&quot;,&quot;iso&quot;:&quot;0&quot;,&quot;shutter_speed&quot;:&quot;0&quot;,&quot;title&quot;:&quot;&quot;,&quot;orientation&quot;:&quot;0&quot;}\" data-image-title=\"Serious Black_15.03.2025_DSC_3741\" data-image-description=\"\" data-image-caption=\"\" data-large-file=\"https:\/\/i0.wp.com\/sound-scribe.com\/wp-content\/uploads\/2025\/03\/serious-black_15.03.2025_dsc_3741.jpeg?fit=1024%2C684&amp;ssl=1\" src=\"https:\/\/i0.wp.com\/sound-scribe.com\/wp-content\/uploads\/2025\/03\/serious-black_15.03.2025_dsc_3741.jpeg?resize=1600%2C1068&#038;ssl=1\" alt=\"\" class=\"wp-image-7020\" \/><\/figure>\n\n\n\n<p class=\"wp-block-paragraph\"><strong><em>Jak\u00e9 jsou va\u0161e pl\u00e1ny do budoucna?<\/em><\/strong><\/p>\n\n\n\n<p class=\"has-text-align-justify wp-block-paragraph\">Pr\u00e1v\u011b jsme podepsali smlouvu s novou nahr\u00e1vac\u00ed spole\u010dnost\u00ed <strong>Perception<\/strong>, co\u017e je sourozenec <strong>RPM<\/strong>, a u\u017e pracujeme na dal\u0161\u00ed desce. Vyd\u00e1n\u00ed z\u00e1vis\u00ed na tom, jestli se v budoucnu uskute\u010dn\u00ed n\u011bjak\u00e9 turn\u00e9 jako support, to by byl d\u016fvod, pro\u010d desku vydat. Pokud nic nebude, m\u00e1me \u010das. Ale pokud bude, t\u0159eba v \u00fanoru p\u0159\u00ed\u0161t\u00edho roku, turn\u00e9 pro n\u00e1s, bylo by p\u0159ipraveno k vyd\u00e1n\u00ed v lednu. No, ale deska mus\u00ed b\u00fdt hotov\u00e1 d\u0159\u00edv, tak\u017ee mo\u017en\u00e1 v srpnu\/z\u00e1\u0159\u00ed. Uvid\u00edme, co p\u0159inese budoucnost. Pracujeme a jsme p\u0159ipraveni.<\/p>\n\n\n\n<p class=\"wp-block-paragraph\"><strong><em>Mysl\u00edm, \u017ee va\u0161e publikum se rozr\u016fst\u00e1 a v l\u00e9t\u011b budete hr\u00e1t i na n\u011bjak\u00fdch festivalech. Letos budete na Rock Castle. M\u00e1te n\u011bjak\u00fd speci\u00e1ln\u00ed vzkaz pro \u010desk\u00e9 fanou\u0161ky?<\/em><\/strong><\/p>\n\n\n\n<p class=\"has-text-align-justify wp-block-paragraph\">V\u00edm, \u017ee \u010de\u0161t\u00ed fanou\u0161ci jsou n\u00e1m opravdu v\u011brn\u00ed, s n\u011bkter\u00fdmi z nich jsme p\u0159\u00e1tel\u00e9. \u010ce\u0161t\u00ed fanou\u0161ci a hudebn\u00ed sc\u00e9na jsou skv\u011bl\u00ed a je v\u017edycky skv\u011bl\u00e9 se sem vr\u00e1tit, m\u00e1me to tu r\u00e1di. V\u017edycky se t\u011b\u0161\u00edme, a\u017e budeme m\u00edt v \u010cesku m\u00edsto, kde budeme hr\u00e1t, na festivalech, <strong>Rock Castle<\/strong> and <strong>Masters of Rock<\/strong> nebo na n\u011b\u010dem jin\u00e9m. V\u017edycky je skv\u011bl\u00e9 b\u00fdt zp\u00e1tky.<\/p>\n\n\n\n<p class=\"wp-block-paragraph\"><strong><em>Douf\u00e1m, \u017ee tenhle koncert bude mnohem lep\u0161\u00ed ne\u017e v\u010dera.<\/em><\/strong><\/p>\n\n\n\n<p class=\"has-text-align-justify wp-block-paragraph\">To netu\u0161\u00edm, ale pokud bude skv\u011bl\u00e9 publikum. Z\u00e1le\u017e\u00ed na mnohem v\u00edc ne\u017e na velk\u00e9m skv\u011bl\u00e9m p\u00f3diu. Nem\u00e1m r\u00e1d velk\u00e1 p\u00f3dia a kdy\u017e publikum jakoby stoj\u00ed a nic ned\u011bl\u00e1. Rad\u011bji hraju pro t\u011bch p\u011bt lid\u00ed vep\u0159edu, kte\u0159\u00ed moshuj\u00ed a kte\u0159\u00ed jsou do hudby za\u017eran\u00ed. V mal\u00e9m klubu je to d\u016fv\u011brn\u011bj\u0161\u00ed, intimn\u011bj\u0161\u00ed. Ur\u010dit\u011b tam dnes budou n\u011bjac\u00ed na\u0161i kamar\u00e1di.<\/p>\n\n\n\n<figure class=\"wp-block-image size-large\"><img data-recalc-dims=\"1\" loading=\"lazy\" decoding=\"async\" width=\"1600\" height=\"1068\" data-attachment-id=\"7019\" data-permalink=\"https:\/\/sound-scribe.com\/en\/2025\/03\/18\/serious-black-v-praze\/serious-black_15-03-2025_dsc_3784\/\" data-orig-file=\"https:\/\/i0.wp.com\/sound-scribe.com\/wp-content\/uploads\/2025\/03\/serious-black_15.03.2025_dsc_3784.jpeg?fit=1600%2C1068&amp;ssl=1\" data-orig-size=\"1600,1068\" data-comments-opened=\"1\" data-image-meta=\"{&quot;aperture&quot;:&quot;0&quot;,&quot;credit&quot;:&quot;LENKA MACHULDOVA&quot;,&quot;camera&quot;:&quot;&quot;,&quot;caption&quot;:&quot;&quot;,&quot;created_timestamp&quot;:&quot;0&quot;,&quot;copyright&quot;:&quot;&quot;,&quot;focal_length&quot;:&quot;0&quot;,&quot;iso&quot;:&quot;0&quot;,&quot;shutter_speed&quot;:&quot;0&quot;,&quot;title&quot;:&quot;&quot;,&quot;orientation&quot;:&quot;0&quot;}\" data-image-title=\"Serious Black_15.03.2025_DSC_3784\" data-image-description=\"\" data-image-caption=\"\" data-large-file=\"https:\/\/i0.wp.com\/sound-scribe.com\/wp-content\/uploads\/2025\/03\/serious-black_15.03.2025_dsc_3784.jpeg?fit=1024%2C684&amp;ssl=1\" src=\"https:\/\/i0.wp.com\/sound-scribe.com\/wp-content\/uploads\/2025\/03\/serious-black_15.03.2025_dsc_3784.jpeg?resize=1600%2C1068&#038;ssl=1\" alt=\"\" class=\"wp-image-7019\" \/><\/figure>\n\n\n\n<p class=\"has-text-align-justify wp-block-paragraph\">Je\u0161t\u011b jednou d\u011bkuji za tv\u016fj \u010das a za v\u0161echny tv\u00e9 odpov\u011bdi, bylo mi velk\u00fdm pot\u011b\u0161en\u00edm se s Tebou setkat.<\/p>\n\n\n\n<p class=\"wp-block-paragraph\">Fotografie jsou od Lenky Machuldov\u00e9.<\/p>\n\n\n\n<p class=\"wp-block-paragraph\">Report z koncertu naleznete zde na odkazu.<br>Tak\u00e9 n\u00e1s nezapome\u0148te sledovat na soci\u00e1ln\u00edch s\u00edt\u00edch pro je\u0161t\u011b v\u00edce obsahu.<\/p>\n\n\n\n<p class=\"has-medium-font-size wp-block-paragraph\"><strong>English:<\/strong><\/p>\n\n\n\n<p class=\"has-text-align-justify wp-block-paragraph\">Before <strong>Serious Black<\/strong>&#8218;s performance in Prague&#8217;s <strong>Storm Club<\/strong>, I had the opportunity to have a short chat with the guitarist and one of the founding members of this very band, <strong>Dominik Sebastian<\/strong>.<\/p>\n\n\n\n<p class=\"wp-block-paragraph\"><strong><em>Hello, nice to meet you and see you again! You released your latest album (&#8222;Rise of Akhenaton&#8220;) last year, around October. How was it received? How did the fans react?<\/em><\/strong><\/p>\n\n\n\n<p class=\"has-text-align-justify wp-block-paragraph\">Yes, exactly while we were on tour with <strong>Sonata Arctica<\/strong>. We released the album I think a week after the tour started. The reactions were absolutely great! I think we could take a step forward again after the last album, musically. Everything was accepted so far, also for live performances we do 4 songs of the latest album on the show. Yeah, the response is good, I think.<\/p>\n\n\n\n<p class=\"wp-block-paragraph\"><strong><em>It was the second album with your current vocalist, <\/em>Nikola<em>.<\/em><\/strong><\/p>\n\n\n\n<p class=\"wp-block-paragraph\">He does an amazing job as well on CD as on stage. It\u2019s fabulous.<\/p>\n\n\n\n<p class=\"wp-block-paragraph\"><strong><em>When we are talking about albums, which one of them is your favourite?<\/em><\/strong><\/p>\n\n\n\n<p class=\"wp-block-paragraph\">I\u2019d say &#8222;Vengeance is Mine&#8220;, that would be my favourite album of ours.<\/p>\n\n\n\n<p class=\"wp-block-paragraph\"><strong><em>And favourite song maybe?<\/em><\/strong><\/p>\n\n\n\n<p class=\"has-text-align-justify wp-block-paragraph\">I\u2019d pick one of those which I wrote, I think &#8222;Shades of Glory\u201c&#8220; or \u2026what was the name of the song from &#8222;Vengeance is Mine&#8220; called\u2026 I have forgotten the name of the song, we never played it live anyway.<\/p>\n\n\n\n<p class=\"wp-block-paragraph\"><strong><em>My next question is, who is writing the music and lyrics the most?<\/em><\/strong><\/p>\n\n\n\n<p class=\"has-text-align-justify wp-block-paragraph\">More or less, all together. Everyone throws in some ideas, some riffs, some vocal lines. And then <strong>Mario Lochert<\/strong> and <strong>Bob Katsionis<\/strong> do the arrangements and sometimes they take an idea from here and there, put it together and create a song.<\/p>\n\n\n\n<p class=\"wp-block-paragraph\"><strong><em>You mentioned <\/em>Bob<em>, I know he&#8217;s been out of the band for a while. So he&#8217;s back now and working on the CDs with you?<\/em><\/strong><\/p>\n\n\n\n<p class=\"has-text-align-justify wp-block-paragraph\">Yes, for arrangement, for production, also he played some guitar lines and keyboards of course. But he has so much to do so he cannot and he doesn\u2019t like touring anymore. He\u2019s kind of a member, but not. Not a live member.<\/p>\n\n\n\n<p class=\"wp-block-paragraph\"><strong><em>When we are talking about music, who is your inspiration and why did you even start to play the guitar?<\/em><\/strong><\/p>\n\n\n\n<p class=\"has-text-align-justify wp-block-paragraph\">I think I was 12 and I already watched my first concert, it was <strong>Pink Floyd<\/strong> in Linz, it was 1989 and yeah from that moment I just wanted to be on stage. Of course this big, not yet, but anyway. Then my parents signed me for guitar lessons in school, for the first steps. My father already had an acoustic guitar at home so it was no problem. After this first year, these lessons in school ended so I went to music school and learned to play the classical guitar. With finger-picking, classical music <strong>Johann Sebastian Bach<\/strong>, stuff like that. I didn\u2019t really practice the songs I had to learn but took everything what\u2019s important for me and started composing. The CD of my self recorded classical tunes are laying in a drawer, maybe one day I\u2019ll released them. Anyway step by step I learned to play the classical guitar, then stepped on electric guitar a bit, then on guitars with steel strings, for more finger-picking style etc. Then I ended up in different local bands in Linz, Austria\u00a0 and step by step I got to the next level of well-known bands, like <strong>Eden Bridge<\/strong> and that introduced me to <strong>Mario<\/strong>, who did the sound engeneering for EB and then I had some production with him for another band and then he asked me if I would join his idea of a new band, called now <strong>Serious Black<\/strong>.<\/p>\n\n\n\n<p class=\"wp-block-paragraph\"><strong><em>One of the fans wanted to know, who is the grumpiest and who is the funniest member of the band.<\/em><\/strong><\/p>\n\n\n\n<p class=\"has-text-align-justify wp-block-paragraph\">It depends on the time of the day. In the morning, I\u2019m a grumpy man, the grumpy cat. It depends also on the daily news in the music business of course, then it might be Mario who gets really angry about something that doesn\u2019t work how it\u2019s supposed to. With funniest is one day one guy, other day the other. We are all funny guys I think, but we all have really straight thinking and some serious stuff inside. We can have a serious discussion and still have a lot of fun. I wouldn\u2019t point to anyone.<\/p>\n\n\n\n<p class=\"wp-block-paragraph\"><strong><em>When you\u2019re now on tour, do you have the worst memory from a tour?<\/em><\/strong><\/p>\n\n\n\n<p class=\"wp-block-paragraph\">Of course, but I won\u2019t tell anyone.<\/p>\n\n\n\n<p class=\"wp-block-paragraph\"><strong><em>Okay, and one of your happiest memories?<\/em><\/strong><\/p>\n\n\n\n<p class=\"has-text-align-justify wp-block-paragraph\">Lots of. I can\u2019t think of a specific one. It\u2019s like a slapstick comedy, it happens and then it\u2019s gone. And it\u2019s not funny for anyone else. Bad moments is when the tourbus is ready to leave and you remember you forgot something inside.<\/p>\n\n\n\n<p class=\"wp-block-paragraph\"><strong><em>What about the best tour so far?<\/em><\/strong><\/p>\n\n\n\n<p class=\"has-text-align-justify wp-block-paragraph\">The best tour I\u2019d say it was the <strong>Sonata Arctica<\/strong> tour. There were some issues and arguing, it always happens. But it was really smooth, easygoing, and the people were straight talking and you know ok. It was the greatest tour so far for me.<\/p>\n\n\n\n<p class=\"wp-block-paragraph\"><strong><em>What are your plans for the future?<\/em><\/strong><\/p>\n\n\n\n<p class=\"has-text-align-justify wp-block-paragraph\">We just signed with a new record company, <strong>Perception label<\/strong>, it\u2019s a sibling of <strong>RPM<\/strong> and we\u2019re working already on the next record. Release depends on if there\u2019s some touring as a support in the future, this would be a reason for the record to be released. If there\u2019s nothing, we have time. But if there\u2019s, maybe in February next year, a tour for us, it would be ready to release in January. Well, the record has to be done before, so maybe in August\/September. Let\u2019s see what the future brings. We\u2019re working and ready.<\/p>\n\n\n\n<p class=\"wp-block-paragraph\"><strong><em>I think your audience is growing bigger and bigger and you\u2019re playing some festivals in Summer as well. You\u2019ll be at Rock Castle this year. Do you have any special message for Czech fans?<\/em><\/strong><\/p>\n\n\n\n<p class=\"has-text-align-justify wp-block-paragraph\">I know the Czech fans are really loyal to us, with some of them we are friends. The Czech fans and the music scene is great and it\u2019s always so great to be back, we love it here. We alway are looking forward to have a location in Czechia to play, for festivals, <strong>Rock Castle<\/strong> and <strong>Masters of Rock<\/strong> or something else. It\u2019s always great to be back.<\/p>\n\n\n\n<p class=\"wp-block-paragraph\"><strong><em>I hope this show will be much better than yesterday.<\/em><\/strong><\/p>\n\n\n\n<p class=\"has-text-align-justify wp-block-paragraph\">I have no idea, but if the audience is great. It depends on much more than a big great stage. I don\u2019t like big stages and when the audience is like standing there, doing nothing. I prefer playing for the 5 people in the front who are moshing and who are into the music. In a tiny club it\u2019s more familiar, more intimate. I\u2019m sure there will be some of our friends today.<\/p>\n\n\n\n<p class=\"wp-block-paragraph\">Thank you again for your time and for all your answers, it was great pleasure to meet you.<\/p>\n\n\n\n<p class=\"wp-block-paragraph\">Photos by Lenka Machuldov\u00e1.<\/p>\n\n\n\n<p class=\"wp-block-paragraph\">You can find report of the show <a href=\"https:\/\/sound-scribe.com\/en\/2025\/03\/18\/serious-black-v-praze\/\">here on the link<\/a>.<br>Don&#8217;t forget to follow us also on social media for even more content<\/p>","protected":false},"excerpt":{"rendered":"<p>\u2193\u2193\u2193 English down below \u2193\u2193\u2193 P\u0159ed vystoupen\u00edm skupiny Serious Black v pra\u017esk\u00e9m Storm Clubu jsem m\u011bla mo\u017enost si kr\u00e1tce popov\u00eddat s kytaristou a jedn\u00edm ze zakl\u00e1daj\u00edc\u00edch \u010dlen\u016f pr\u00e1v\u011b t\u00e9to skupinu, [&hellip;]<\/p>\n","protected":false},"author":241323962,"featured_media":7026,"comment_status":"open","ping_status":"open","sticky":false,"template":"","format":"standard","meta":{"_crdt_document":"","site-sidebar-layout":"default","site-content-layout":"","ast-site-content-layout":"default","site-content-style":"default","site-sidebar-style":"default","ast-global-header-display":"","ast-banner-title-visibility":"","ast-main-header-display":"","ast-hfb-above-header-display":"","ast-hfb-below-header-display":"","ast-hfb-mobile-header-display":"","site-post-title":"","ast-breadcrumbs-content":"","ast-featured-img":"","footer-sml-layout":"","ast-disable-related-posts":"","theme-transparent-header-meta":"","adv-header-id-meta":"","stick-header-meta":"","header-above-stick-meta":"","header-main-stick-meta":"","header-below-stick-meta":"","astra-migrate-meta-layouts":"default","ast-page-background-enabled":"default","ast-page-background-meta":{"desktop":{"background-color":"var(--ast-global-color-5)","background-image":"","background-repeat":"repeat","background-position":"center center","background-size":"auto","background-attachment":"scroll","background-type":"","background-media":"","overlay-type":"","overlay-color":"","overlay-opacity":"","overlay-gradient":""},"tablet":{"background-color":"","background-image":"","background-repeat":"repeat","background-position":"center center","background-size":"auto","background-attachment":"scroll","background-type":"","background-media":"","overlay-type":"","overlay-color":"","overlay-opacity":"","overlay-gradient":""},"mobile":{"background-color":"","background-image":"","background-repeat":"repeat","background-position":"center center","background-size":"auto","background-attachment":"scroll","background-type":"","background-media":"","overlay-type":"","overlay-color":"","overlay-opacity":"","overlay-gradient":""}},"ast-content-background-meta":{"desktop":{"background-color":"var(--ast-global-color-4)","background-image":"","background-repeat":"repeat","background-position":"center center","background-size":"auto","background-attachment":"scroll","background-type":"","background-media":"","overlay-type":"","overlay-color":"","overlay-opacity":"","overlay-gradient":""},"tablet":{"background-color":"var(--ast-global-color-4)","background-image":"","background-repeat":"repeat","background-position":"center center","background-size":"auto","background-attachment":"scroll","background-type":"","background-media":"","overlay-type":"","overlay-color":"","overlay-opacity":"","overlay-gradient":""},"mobile":{"background-color":"var(--ast-global-color-4)","background-image":"","background-repeat":"repeat","background-position":"center center","background-size":"auto","background-attachment":"scroll","background-type":"","background-media":"","overlay-type":"","overlay-color":"","overlay-opacity":"","overlay-gradient":""}},"advanced_seo_description":"","jetpack_seo_html_title":"","jetpack_seo_noindex":false,"_jetpack_newsletter_access":"","_jetpack_dont_email_post_to_subs":false,"_jetpack_newsletter_tier_id":0,"_jetpack_memberships_contains_paywalled_content":false,"_jetpack_memberships_contains_paid_content":false,"footnotes":"","jetpack_publicize_message":"I have another interview for You today. It is with Dominik Sebastian, the guitarist of Serious Black. Thank you again for your time and your answers. See you again really soon!\n\nDnes m\u00e1m pro V\u00e1s dal\u0161\u00ed rozhovor. Tentokr\u00e1t s kytaristou n\u011bmeck\u00e9 skupiny Serious Black, Dominikem Sebastianem.\n\n#metal #interview #metalmusician #seriousblack #dominiksebastian","jetpack_publicize_feature_enabled":true,"jetpack_social_post_already_shared":false,"jetpack_social_options":{"image_generator_settings":{"template":"highway","enabled":false},"version":2},"_wpas_customize_per_network":false,"jetpack_post_was_ever_published":false},"categories":[777397657],"tags":[2757063,11788,1393,18933,55352424],"class_list":["post-7035","post","type-post","status-publish","format-standard","has-post-thumbnail","hentry","category-the-interview-pit","tag-2757063","tag-interview","tag-metal","tag-power-metal","tag-serious-black"],"jetpack_publicize_connections":[],"jetpack_featured_media_url":"https:\/\/i0.wp.com\/sound-scribe.com\/wp-content\/uploads\/2025\/03\/serious-black_15.03.2025_dsc_3774.jpeg?fit=1600%2C1068&ssl=1","jetpack_likes_enabled":true,"jetpack_sharing_enabled":true,"jetpack_shortlink":"https:\/\/wp.me\/pfd0HC-1Pt","jetpack-related-posts":[{"id":6661,"url":"https:\/\/sound-scribe.com\/en\/2025\/02\/15\/pozvanka-serious-black\/","url_meta":{"origin":7035,"position":0},"title":"Pozv\u00e1nka Serious Black","author":"Kerry Lynx","date":"15 February 2025","format":false,"excerpt":"V sobotu 15.3.2025 se uskute\u010dn\u00ed je\u0161t\u011b jeden koncert v pra\u017esk\u00e9m klubu Storm. Bude j\u00edm vystoupen\u00ed kapel Serious Black, Autumn Bride a Rigorious. Vstupenky k dispozici: https:\/\/www.mastersofrock.cz\/cs\/koncerty\/2025-serious-black Tento ve\u010der otev\u0159ou n\u011bme\u010dt\u00ed power metalist\u00e9 Rigorious, kte\u0159\u00ed p\u0159ivezou tak\u00e9 sv\u00e9 nejnov\u011bj\u0161\u00ed album, kter\u00e9 vydali 17.1. tohoto roku (v\u00edce informac\u00ed o n\u011bm naleznete zde\u2026","rel":"","context":"In &quot;Show Alerts&quot;","block_context":{"text":"Show Alerts","link":"https:\/\/sound-scribe.com\/en\/category\/show-alerts\/"},"img":{"alt_text":"","src":"https:\/\/i0.wp.com\/sound-scribe.com\/wp-content\/uploads\/2025\/02\/sb_2223x1158_web.jpg?fit=1200%2C625&ssl=1&resize=350%2C200","width":350,"height":200,"srcset":"https:\/\/i0.wp.com\/sound-scribe.com\/wp-content\/uploads\/2025\/02\/sb_2223x1158_web.jpg?fit=1200%2C625&ssl=1&resize=350%2C200 1x, https:\/\/i0.wp.com\/sound-scribe.com\/wp-content\/uploads\/2025\/02\/sb_2223x1158_web.jpg?fit=1200%2C625&ssl=1&resize=525%2C300 1.5x, https:\/\/i0.wp.com\/sound-scribe.com\/wp-content\/uploads\/2025\/02\/sb_2223x1158_web.jpg?fit=1200%2C625&ssl=1&resize=700%2C400 2x, https:\/\/i0.wp.com\/sound-scribe.com\/wp-content\/uploads\/2025\/02\/sb_2223x1158_web.jpg?fit=1200%2C625&ssl=1&resize=1050%2C600 3x"},"classes":[]},{"id":5115,"url":"https:\/\/sound-scribe.com\/en\/2024\/10\/19\/sonata-arctica-ve-zline-a-take-poprve-v-poznani\/","url_meta":{"origin":7035,"position":1},"title":"Sonata Arctica ve Zl\u00edn\u011b a tak\u00e9 poprv\u00e9 v Poznani","author":"Kerry Lynx","date":"19 October 2024","format":false,"excerpt":"\u2193\u2193\u2193 English down below \u2193\u2193\u2193 Kdy\u017e Sonata Arctica ozn\u00e1mila podzimn\u00ed turn\u00e9, museli jsme se alespo\u0148 na jeden z koncert\u016f vydat. Na\u0161t\u011bst\u00ed jsem mohla b\u00fdt dokonce na dvou z nich. Dne 10.10. ve Zl\u00edn\u011b a 12.10. jsem se pod\u00edvala na koncert do polsk\u00e9 Poznan\u011b. Nebyl to jen koncert Sonaty Arcticy, ale\u2026","rel":"","context":"In &quot;Live Loud&quot;","block_context":{"text":"Live Loud","link":"https:\/\/sound-scribe.com\/en\/category\/live-loud\/"},"img":{"alt_text":"","src":"https:\/\/i0.wp.com\/sound-scribe.com\/wp-content\/uploads\/2024\/10\/dsc06194.jpg?resize=350%2C200&ssl=1","width":350,"height":200,"srcset":"https:\/\/i0.wp.com\/sound-scribe.com\/wp-content\/uploads\/2024\/10\/dsc06194.jpg?resize=350%2C200&ssl=1 1x, https:\/\/i0.wp.com\/sound-scribe.com\/wp-content\/uploads\/2024\/10\/dsc06194.jpg?resize=525%2C300&ssl=1 1.5x, https:\/\/i0.wp.com\/sound-scribe.com\/wp-content\/uploads\/2024\/10\/dsc06194.jpg?resize=700%2C400&ssl=1 2x, https:\/\/i0.wp.com\/sound-scribe.com\/wp-content\/uploads\/2024\/10\/dsc06194.jpg?resize=1050%2C600&ssl=1 3x"},"classes":[]},{"id":6400,"url":"https:\/\/sound-scribe.com\/en\/2025\/02\/05\/kralovstvi-se-otevira\/","url_meta":{"origin":7035,"position":2},"title":"Kr\u00e1lovstv\u00ed se otev\u00edr\u00e1","author":"Kerry Lynx","date":"5 February 2025","format":false,"excerpt":"Tak\u00e9 tento t\u00fdden z\u016fstaneme u n\u011bmeck\u00e9ho power metalu. Konkr\u00e9tn\u011b se chci v\u011bnovat skupin\u011b Rigorious, kter\u00e1 vydala sv\u00e9 teprve druh\u00e9 studiov\u00e9 album s n\u00e1zvem \"Kingdom Unfold\" dne 17. ledna 2025. Kapela vznikla v roce 2021 na z\u00e1pad\u011b N\u011bmecka. Hraj\u00ed moment\u00e1ln\u011b v p\u011bti\u010dlenn\u00e9 sestav\u011b. Jej\u00edmi \u010dleny jsou vokalista Lukas Remus, kytarist\u00e9 Lukas\u2026","rel":"","context":"In &quot;Track Talk&quot;","block_context":{"text":"Track Talk","link":"https:\/\/sound-scribe.com\/en\/category\/track-talk\/"},"img":{"alt_text":"","src":"https:\/\/i0.wp.com\/sound-scribe.com\/wp-content\/uploads\/2025\/01\/rigorious_kingdom_unfold_album_cover.jpg?fit=526%2C526&ssl=1&resize=350%2C200","width":350,"height":200,"srcset":"https:\/\/i0.wp.com\/sound-scribe.com\/wp-content\/uploads\/2025\/01\/rigorious_kingdom_unfold_album_cover.jpg?fit=526%2C526&ssl=1&resize=350%2C200 1x, https:\/\/i0.wp.com\/sound-scribe.com\/wp-content\/uploads\/2025\/01\/rigorious_kingdom_unfold_album_cover.jpg?fit=526%2C526&ssl=1&resize=525%2C300 1.5x"},"classes":[]},{"id":6975,"url":"https:\/\/sound-scribe.com\/en\/2025\/03\/18\/serious-black-v-praze\/","url_meta":{"origin":7035,"position":3},"title":"Serious Black v Praze","author":"Kerry Lynx","date":"18 March 2025","format":false,"excerpt":"\u2193\u2193\u2193 English down below \u2193\u2193\u2193 Tak\u00e9 v sobotu 15.3.2025 Club Storm hostil metalov\u00fd koncert, tentokr\u00e1t power metalov\u00fd. Vystupovali zde Serious Black s hostem Autumn Bride a podporou Rigorious. Bohu\u017eel ani mraziv\u00e1 sobota nep\u0159inesla velkou \u00fa\u010dast a cel\u00e9ho ve\u010deru se \u00fa\u010dastnilo p\u0159ibli\u017en\u011b 50 lid\u00ed. Na\u0161t\u011bst\u00ed to kapely neodradilo od dobr\u00e9 n\u00e1lady\u2026","rel":"","context":"In &quot;Live Loud&quot;","block_context":{"text":"Live Loud","link":"https:\/\/sound-scribe.com\/en\/category\/live-loud\/"},"img":{"alt_text":"","src":"https:\/\/i0.wp.com\/sound-scribe.com\/wp-content\/uploads\/2025\/03\/serious-black_15.03.2025_dsc_3850.jpeg?fit=1200%2C675&ssl=1&resize=350%2C200","width":350,"height":200,"srcset":"https:\/\/i0.wp.com\/sound-scribe.com\/wp-content\/uploads\/2025\/03\/serious-black_15.03.2025_dsc_3850.jpeg?fit=1200%2C675&ssl=1&resize=350%2C200 1x, https:\/\/i0.wp.com\/sound-scribe.com\/wp-content\/uploads\/2025\/03\/serious-black_15.03.2025_dsc_3850.jpeg?fit=1200%2C675&ssl=1&resize=525%2C300 1.5x, https:\/\/i0.wp.com\/sound-scribe.com\/wp-content\/uploads\/2025\/03\/serious-black_15.03.2025_dsc_3850.jpeg?fit=1200%2C675&ssl=1&resize=700%2C400 2x, https:\/\/i0.wp.com\/sound-scribe.com\/wp-content\/uploads\/2025\/03\/serious-black_15.03.2025_dsc_3850.jpeg?fit=1200%2C675&ssl=1&resize=1050%2C600 3x"},"classes":[]},{"id":7154,"url":"https:\/\/sound-scribe.com\/en\/2025\/04\/08\/serious-black-v-schirndingu\/","url_meta":{"origin":7035,"position":4},"title":"Serious Black v Schirndingu","author":"Kerry Lynx","date":"8 April 2025","format":false,"excerpt":"\u2193\u2193\u2193 English down below \u2193\u2193\u2193 Sympa\u0165\u00e1ky ze Serious Black v\u017edy r\u00e1da vid\u00edm a proto, kdy\u017e byli kousek za hranicemi v Schirndingu, tak jsem si to nenechala uj\u00edt. Obzvl\u00e1\u0161\u0165 kdy\u017e s sebou m\u011bli hosty Dragony a Autumn Bride. Toto trio kapel dopl\u0148ovali je\u0161t\u011b m\u00edstn\u00ed Chapter Eleven. Za\u010d\u00e1tek byl trochu pomalej\u0161\u00ed a\u2026","rel":"","context":"In &quot;Live Loud&quot;","block_context":{"text":"Live Loud","link":"https:\/\/sound-scribe.com\/en\/category\/live-loud\/"},"img":{"alt_text":"","src":"https:\/\/i0.wp.com\/sound-scribe.com\/wp-content\/uploads\/2025\/04\/04_serious_black-5-enhanced-nr-1.jpg?fit=1200%2C900&ssl=1&resize=350%2C200","width":350,"height":200,"srcset":"https:\/\/i0.wp.com\/sound-scribe.com\/wp-content\/uploads\/2025\/04\/04_serious_black-5-enhanced-nr-1.jpg?fit=1200%2C900&ssl=1&resize=350%2C200 1x, https:\/\/i0.wp.com\/sound-scribe.com\/wp-content\/uploads\/2025\/04\/04_serious_black-5-enhanced-nr-1.jpg?fit=1200%2C900&ssl=1&resize=525%2C300 1.5x, https:\/\/i0.wp.com\/sound-scribe.com\/wp-content\/uploads\/2025\/04\/04_serious_black-5-enhanced-nr-1.jpg?fit=1200%2C900&ssl=1&resize=700%2C400 2x, https:\/\/i0.wp.com\/sound-scribe.com\/wp-content\/uploads\/2025\/04\/04_serious_black-5-enhanced-nr-1.jpg?fit=1200%2C900&ssl=1&resize=1050%2C600 3x"},"classes":[]},{"id":5210,"url":"https:\/\/sound-scribe.com\/en\/2024\/10\/23\/gus-g-of-firewind\/","url_meta":{"origin":7035,"position":5},"title":"Gus G of Firewind","author":"Kerry Lynx","date":"23 October 2024","format":false,"excerpt":"\u2193\u2193\u2193 English down below \u2193\u2193\u2193 P\u0159ed koncertem Firewind v Poznani 12.10.2024 jsem m\u011bla mo\u017enost posed\u011bt s Gusem G a polo\u017eit mu n\u011bkolik ot\u00e1zek. Je\u0161t\u011b jednou d\u011bkuji za tv\u016fj \u010das a za odpov\u011bdi. Ahoj Gusi, dnes ve\u010der je posledn\u00ed koncert va\u0161eho turn\u00e9 a cht\u011bla jsem se zeptat, jak jste si ho\u2026","rel":"","context":"In &quot;The Interview Pit&quot;","block_context":{"text":"The Interview Pit","link":"https:\/\/sound-scribe.com\/en\/category\/the-interview-pit\/"},"img":{"alt_text":"","src":"https:\/\/i0.wp.com\/sound-scribe.com\/wp-content\/uploads\/2024\/10\/815a0758-enhanced-nr.jpg?fit=1200%2C800&ssl=1&resize=350%2C200","width":350,"height":200,"srcset":"https:\/\/i0.wp.com\/sound-scribe.com\/wp-content\/uploads\/2024\/10\/815a0758-enhanced-nr.jpg?fit=1200%2C800&ssl=1&resize=350%2C200 1x, https:\/\/i0.wp.com\/sound-scribe.com\/wp-content\/uploads\/2024\/10\/815a0758-enhanced-nr.jpg?fit=1200%2C800&ssl=1&resize=525%2C300 1.5x, https:\/\/i0.wp.com\/sound-scribe.com\/wp-content\/uploads\/2024\/10\/815a0758-enhanced-nr.jpg?fit=1200%2C800&ssl=1&resize=700%2C400 2x, https:\/\/i0.wp.com\/sound-scribe.com\/wp-content\/uploads\/2024\/10\/815a0758-enhanced-nr.jpg?fit=1200%2C800&ssl=1&resize=1050%2C600 3x"},"classes":[]}],"_links":{"self":[{"href":"https:\/\/sound-scribe.com\/en\/wp-json\/wp\/v2\/posts\/7035","targetHints":{"allow":["GET"]}}],"collection":[{"href":"https:\/\/sound-scribe.com\/en\/wp-json\/wp\/v2\/posts"}],"about":[{"href":"https:\/\/sound-scribe.com\/en\/wp-json\/wp\/v2\/types\/post"}],"author":[{"embeddable":true,"href":"https:\/\/sound-scribe.com\/en\/wp-json\/wp\/v2\/users\/241323962"}],"replies":[{"embeddable":true,"href":"https:\/\/sound-scribe.com\/en\/wp-json\/wp\/v2\/comments?post=7035"}],"version-history":[{"count":25,"href":"https:\/\/sound-scribe.com\/en\/wp-json\/wp\/v2\/posts\/7035\/revisions"}],"predecessor-version":[{"id":7065,"href":"https:\/\/sound-scribe.com\/en\/wp-json\/wp\/v2\/posts\/7035\/revisions\/7065"}],"wp:featuredmedia":[{"embeddable":true,"href":"https:\/\/sound-scribe.com\/en\/wp-json\/wp\/v2\/media\/7026"}],"wp:attachment":[{"href":"https:\/\/sound-scribe.com\/en\/wp-json\/wp\/v2\/media?parent=7035"}],"wp:term":[{"taxonomy":"category","embeddable":true,"href":"https:\/\/sound-scribe.com\/en\/wp-json\/wp\/v2\/categories?post=7035"},{"taxonomy":"post_tag","embeddable":true,"href":"https:\/\/sound-scribe.com\/en\/wp-json\/wp\/v2\/tags?post=7035"}],"curies":[{"name":"wp","href":"https:\/\/api.w.org\/{rel}","templated":true}]}}