{"id":4044,"date":"2024-07-22T14:00:00","date_gmt":"2024-07-22T12:00:00","guid":{"rendered":"https:\/\/sound-scribe.com\/?p=4044"},"modified":"2024-07-26T14:14:11","modified_gmt":"2024-07-26T12:14:11","slug":"rad-strachu","status":"publish","type":"post","link":"https:\/\/sound-scribe.com\/en\/2024\/07\/22\/rad-strachu\/","title":{"rendered":"\u0158\u00e1d strachu"},"content":{"rendered":"<p class=\"has-text-align-justify wp-block-paragraph\">Tento t\u00fdden se chci v\u011bnovat dal\u0161\u00ed n\u011bmeck\u00e9 power metalov\u00e9 kapele a to <strong>Orden Ogan<\/strong>. Ta toti\u017e po t\u0159ech letech vyd\u00e1v\u00e1 dal\u0161\u00ed klasick\u00e9 studiov\u00e9 album a to &#8222;The Order of Fear&#8220;.<\/p>\n\n\n\n<p class=\"has-text-align-justify wp-block-paragraph\">Album navazuje hudebn\u011b, ale tak\u00e9 p\u0159\u00edb\u011bhov\u011b na alba p\u0159edchoz\u00ed. Je sice trochu temn\u011bj\u0161\u00ed a hororov\u00e9, ale vypr\u00e1v\u00ed dal\u0161\u00ed kapitolu p\u0159\u00edb\u011bhu, kter\u00fd se nese celou diskografi\u00ed Orden Ogan. Hlavn\u00ed hrdina Vale sly\u0161\u00ed vol\u00e1n\u00ed pr\u00e1v\u011b od \u0159\u00e1du Strachu, kter\u00fd by ho mohl vysvobodit z jeho kletby. Ale je to opravdu tak, to se dozv\u00edte p\u0159i poslechu&#8230;<\/p>\n\n\n\n<p class=\"has-text-align-justify wp-block-paragraph\">Album bylo nahr\u00e1no v Seeb&#8217;s Greenman Studios v nezm\u011bn\u011bn\u00e9 sestav\u011b <strong>Sebastian &#8222;Seeb&#8220; Levermann<\/strong> (zp\u011bv), <strong>Patrick Sperling<\/strong> (kytara), <strong>Niels L\u00f6ffler<\/strong> (kytara), <strong>Steven Wussow<\/strong> (baskytara) a <strong>Dirk Meyer-Berhorn<\/strong> (bic\u00ed). Mix a mastering obstaral stejn\u011b jako u p\u0159edchoz\u00edch alb s\u00e1m Seeb.<\/p>\n\n\n\n<figure class=\"wp-block-image size-large\"><img data-recalc-dims=\"1\" loading=\"lazy\" decoding=\"async\" width=\"1920\" height=\"1080\" data-attachment-id=\"4046\" data-permalink=\"https:\/\/sound-scribe.com\/en\/2024\/07\/22\/rad-strachu\/orden_ogan_band\/\" data-orig-file=\"https:\/\/i0.wp.com\/sound-scribe.com\/wp-content\/uploads\/2024\/07\/orden_ogan_band.jpg?fit=1920%2C1080&amp;ssl=1\" data-orig-size=\"1920,1080\" data-comments-opened=\"1\" data-image-meta=\"{&quot;aperture&quot;:&quot;0&quot;,&quot;credit&quot;:&quot;&quot;,&quot;camera&quot;:&quot;&quot;,&quot;caption&quot;:&quot;&quot;,&quot;created_timestamp&quot;:&quot;0&quot;,&quot;copyright&quot;:&quot;&quot;,&quot;focal_length&quot;:&quot;0&quot;,&quot;iso&quot;:&quot;0&quot;,&quot;shutter_speed&quot;:&quot;0&quot;,&quot;title&quot;:&quot;&quot;,&quot;orientation&quot;:&quot;0&quot;}\" data-image-title=\"Orden_ogan_band\" data-image-description=\"\" data-image-caption=\"\" data-large-file=\"https:\/\/i0.wp.com\/sound-scribe.com\/wp-content\/uploads\/2024\/07\/orden_ogan_band.jpg?fit=1024%2C576&amp;ssl=1\" src=\"https:\/\/i0.wp.com\/sound-scribe.com\/wp-content\/uploads\/2024\/07\/orden_ogan_band.jpg?resize=1920%2C1080&#038;ssl=1\" alt=\"\" class=\"wp-image-4046\" \/><\/figure>\n\n\n\n<p class=\"has-text-align-justify wp-block-paragraph\">Poj\u010fme se tedy spole\u010dn\u011b vypravit na pou\u0165 s 10 nov\u00fdmi skladbami. Na konci, jako 11. skladba je za\u0159azena je\u0161t\u011b &#8222;The Long Darkness&#8220;, kter\u00e1 byla naps\u00e1na ji\u017e v roce 2017.<\/p>\n\n\n\n<p class=\"has-text-align-justify wp-block-paragraph\">Album za\u010d\u00edn\u00e1 skladbou &#8222;Kings of the Underworld&#8220;, kter\u00e1 je rychl\u00e1 u\u017e od prvn\u00edch t\u00f3n\u016f. Opravdu klasick\u00e1 powermetalov\u00e1 skladba se na z\u00e1\u010d\u00e1tek skv\u011ble hod\u00ed. Sly\u0161\u00edme rychl\u00e9 kytarov\u00e9 riffy s rytmick\u00fdmi bic\u00edmi a k tomu \u010dist\u00e9 melodick\u00e9 hlavn\u00ed vok\u00e1ly dopln\u011bn\u00e9 v n\u011bkter\u00fdch pas\u00e1\u017e\u00ed o vok\u00e1ly sborov\u00e9.<\/p>\n\n\n\n<p class=\"has-text-align-justify wp-block-paragraph\">Pokra\u010dujeme skladbou &#8222;The Order of Fear&#8220;, kter\u00e1 byla druh\u00fdm singlem a u\u017e ji kapela hr\u00e1la i na \u017eivo b\u011bhem tour a na Metalfestu. Op\u011bt se zde oz\u00fdvaj\u00ed v\u00fdrazn\u00e9 kytary v p\u011bkn\u00e9 melodii. Vok\u00e1ly ve slok\u00e1ch vypr\u00e1v\u011bj\u00ed p\u0159\u00edb\u011bh, ale v refr\u00e9nu jsou zase v\u00edce zp\u011bvn\u00e9 a v kombinaci se sbory. Tak\u00e9 tento refr\u00e9n skv\u011ble funguje na \u017eivo pro spolupr\u00e1ci publika.<\/p>\n\n\n\n<p class=\"has-text-align-justify wp-block-paragraph\">T\u0159et\u00ed skladba &#8222;Moon Fire&#8220; byla z\u00e1rove\u0148 prvn\u00edm vydan\u00fdm singlem. Vyzna\u010duje se p\u0159edev\u0161\u00edm zp\u011bvn\u00fdm (\u0159van\u00fdm) refr\u00e9nem, kter\u00fd se lehce vryje do pam\u011bti snad ka\u017ed\u00e9ho poslucha\u010de. Seeb m\u00e1 opravdu p\u011bkn\u00fd hlas p\u0159edev\u0161\u00edm v t\u011bchto dlouh\u00fdch st\u0159edn\u011b vysok\u00fdch t\u00f3nech.<\/p>\n\n\n\n<figure class=\"wp-block-embed is-type-video is-provider-youtube wp-block-embed-youtube wp-embed-aspect-16-9 wp-has-aspect-ratio\"><div class=\"wp-block-embed__wrapper\">\n<span class=\"embed-youtube\" style=\"text-align:center; display: block;\"><iframe loading=\"lazy\" class=\"youtube-player\" width=\"640\" height=\"360\" src=\"https:\/\/www.youtube.com\/embed\/rG8QBBqVuEc?version=3&#038;rel=1&#038;showsearch=0&#038;showinfo=1&#038;iv_load_policy=1&#038;fs=1&#038;hl=en-US&#038;autohide=2&#038;wmode=transparent\" allowfullscreen=\"true\" style=\"border:0;\" sandbox=\"allow-scripts allow-same-origin allow-popups allow-presentation allow-popups-to-escape-sandbox\"><\/iframe><\/span>\n<\/div><\/figure>\n\n\n\n<p class=\"has-text-align-justify wp-block-paragraph\">Dal\u0161\u00ed skladbou je &#8222;Conquest&#8220;. Tady m\u011b zaujal hned za\u010d\u00e1tek hran\u00fd na akustickou kytaru. Sloka je op\u011bt sp\u00ed\u0161e vypr\u00e1v\u011bn\u00ed s p\u011bknou svi\u017enou hudbou na pozad\u00ed. V refr\u00e9nu se hodn\u011b dokola opakuje jednoduch\u00e1 v\u011bta &#8222;This is my Conquest&#8220; asi aby se zd\u016fraznilo, \u017ee to je prost\u011b jeho \u00fakol.<\/p>\n\n\n\n<p class=\"has-text-align-justify wp-block-paragraph\">Jdeme d\u00e1l ke skladb\u011b &#8222;Blind Man&#8220;, kter\u00e1 je hudebn\u011b sp\u00ed\u0161e pr\u016fm\u011brn\u00e1. Na druhou stranu zapad\u00e1 do p\u0159\u00edb\u011bhu a textov\u011b je mnohem zaj\u00edmav\u011bj\u0161\u00ed.<\/p>\n\n\n\n<p class=\"has-text-align-justify wp-block-paragraph\">P\u0159esn\u011b v polovin\u011b alba se nach\u00e1z\u00ed &#8222;Prince of Sorrow&#8220;. Ta m\u00e1 op\u011bt dobr\u00e9 tempo a melodick\u00e9 kytarov\u00e9 riffy. Hudebn\u011b se mi i l\u00edb\u00ed instrument\u00e1ln\u00ed pas\u00e1\u017ee, hlavn\u011b ta dlouh\u00e1 v m\u016fstku.<\/p>\n\n\n\n<p class=\"has-text-align-justify wp-block-paragraph\">Sedm\u00e1 skladba nese n\u00e1zev &#8222;Dread Lord&#8220;. Je zde c\u00edtit mnohem temn\u011bj\u0161\u00ed atmosf\u00e9ra, nen\u00ed divu, kdy\u017e je to skladba o P\u00e1nu Hr\u016fzy. Proto jsou rozhodn\u011b na m\u00edst\u011b v\u00fdrazn\u011bj\u0161\u00ed basa s bic\u00edmi.<\/p>\n\n\n\n<p class=\"has-text-align-justify wp-block-paragraph\">Pokra\u010dov\u00e1n\u00edm je &#8222;My Worst Enemy&#8220;. Pomalej\u0161\u00ed a\u017e baladov\u00fd \u00favod s klav\u00edrovou melodi\u00ed je velice p\u0159\u00edjemnou zm\u011bnou. V t\u00e9to skladb\u011b op\u011bt vynik\u00e1 Seeb\u016fv \u00fa\u017easn\u00fd hlas a jeho pr\u00e1ce s vok\u00e1ly. Dle m\u00e9ho n\u00e1zoru na \u017e\u00e1dn\u00e9m albu by nem\u011bla chyb\u011bt aspo\u0148 jedna pomalej\u0161\u00ed skladba, obzvl\u00e1\u0161\u0165 kdy\u017e m\u00e1 kapela tak kvalitn\u00edho vokalistu.<\/p>\n\n\n\n<figure class=\"wp-block-embed is-type-video is-provider-youtube wp-block-embed-youtube wp-embed-aspect-16-9 wp-has-aspect-ratio\"><div class=\"wp-block-embed__wrapper\">\n<span class=\"embed-youtube\" style=\"text-align:center; display: block;\"><iframe loading=\"lazy\" class=\"youtube-player\" width=\"640\" height=\"360\" src=\"https:\/\/www.youtube.com\/embed\/HggJJottXZE?version=3&#038;rel=1&#038;showsearch=0&#038;showinfo=1&#038;iv_load_policy=1&#038;fs=1&#038;hl=en-US&#038;autohide=2&#038;wmode=transparent\" allowfullscreen=\"true\" style=\"border:0;\" sandbox=\"allow-scripts allow-same-origin allow-popups allow-presentation allow-popups-to-escape-sandbox\"><\/iframe><\/span>\n<\/div><\/figure>\n\n\n\n<p class=\"has-text-align-justify wp-block-paragraph\">Dal\u0161\u00ed skladba &#8222;Anthem to the Darkside&#8220; je skoro nejdel\u0161\u00ed na albu, ale rozhodn\u011b nen\u00ed nudn\u00e1. Je pot\u0159eba si zde vychutnat po\u010detn\u00e9 kytarov\u00e9 instrument\u00e1ln\u00ed pas\u00e1\u017ee do kter\u00fdch se ob\u010das objev\u00ed vok\u00e1l. Refr\u00e9n je samoz\u0159ejm\u011b v\u00edce vok\u00e1lov\u00fd, v\u010detn\u011b op\u011bt dopl\u0148uj\u00edc\u00edch sbor\u016f. Opravdu si zaslou\u017e\u00ed poslechnout od za\u010d\u00e1tku do konce.<\/p>\n\n\n\n<p class=\"has-text-align-justify wp-block-paragraph\">Des\u00e1t\u00e1 skladba &#8222;The Journey Thus Far&#8220; je jen kr\u00e1tk\u00fdm outrem, kter\u00fd popisuje vlastn\u011b podstatu p\u0159\u00edb\u011bhu.<\/p>\n\n\n\n<p class=\"has-text-align-justify wp-block-paragraph\">Z\u00e1v\u011brem se stala &#8222;The Long Darkness&#8220;, kter\u00e1 byla naps\u00e1na ji\u017e d\u0159\u00edve pro jin\u00e9 album, ale obsahuje zapad\u00e1 i na toto album a prost\u011b a\u017e te\u010f nastala spr\u00e1vn\u00e1 doba ji nahr\u00e1t. Hudebn\u011b se jedn\u00e1 zase o trochu pomalej\u0161\u00ed skladbu a to velice propracovanou s p\u011bkn\u011b napsan\u00fdm textem.<\/p>\n\n\n\n<p class=\"has-text-align-justify wp-block-paragraph\">Co k tomu je\u0161t\u011b \u0159\u00edci na z\u00e1v\u011br? Jsem r\u00e1da, \u017ee pokra\u010duj\u00ed v rozjet\u00e9m p\u0159\u00edb\u011bhu a st\u00e1le maj\u00ed nov\u00e9 n\u00e1pady. I hudebn\u011b se st\u00e1le dr\u017e\u00ed na \u00farovni, ale n\u011bkter\u00e9 skladby jsou sp\u00ed\u0161e pr\u016fm\u011brn\u00e9 a jsou zaj\u00edmav\u011bj\u0161\u00ed textov\u011b ne\u017e hudebn\u011b. Nicm\u00e9n\u011b rozhodn\u011b doporu\u010duji si ho poslechnout, nen\u00ed to v\u016fbec ztr\u00e1ta \u010dasu. Aspo\u0148 si ud\u011bl\u00e1te sv\u016fj osobn\u00ed obr\u00e1zek a n\u00e1zor!<\/p>\n\n\n\n<p class=\"wp-block-paragraph\">Celkov\u00e9 hodnocen\u00ed: 80%<\/p>\n\n\n\n<figure class=\"wp-block-embed is-type-rich is-provider-spotify wp-block-embed-spotify wp-embed-aspect-21-9 wp-has-aspect-ratio\"><div class=\"wp-block-embed__wrapper\">\n<div class=\"embed-spotify\"><iframe title=\"Spotify Embed: The Order Of Fear\" style=\"border-radius: 12px\" width=\"100%\" height=\"352\" frameborder=\"0\" allowfullscreen allow=\"autoplay; clipboard-write; encrypted-media; fullscreen; picture-in-picture\" loading=\"lazy\" src=\"https:\/\/open.spotify.com\/embed\/album\/2ZAHidu1BbX01QEiG8BpcF?si=83hDLoUmSKG6ogQ0ICM_aQ&#038;utm_source=oembed\"><\/iframe><\/div>\n<\/div><\/figure>\n\n\n\n<p class=\"wp-block-paragraph\"><\/p>","protected":false},"excerpt":{"rendered":"<p>Tento t\u00fdden se chci v\u011bnovat dal\u0161\u00ed n\u011bmeck\u00e9 power metalov\u00e9 kapele a to Orden Ogan. Ta toti\u017e po t\u0159ech letech vyd\u00e1v\u00e1 dal\u0161\u00ed klasick\u00e9 studiov\u00e9 album a to &#8222;The Order of Fear&#8220;. [&hellip;]<\/p>\n","protected":false},"author":241323962,"featured_media":4045,"comment_status":"open","ping_status":"open","sticky":false,"template":"","format":"standard","meta":{"_crdt_document":"","site-sidebar-layout":"default","site-content-layout":"","ast-site-content-layout":"default","site-content-style":"default","site-sidebar-style":"default","ast-global-header-display":"","ast-banner-title-visibility":"","ast-main-header-display":"","ast-hfb-above-header-display":"","ast-hfb-below-header-display":"","ast-hfb-mobile-header-display":"","site-post-title":"","ast-breadcrumbs-content":"","ast-featured-img":"","footer-sml-layout":"","ast-disable-related-posts":"","theme-transparent-header-meta":"","adv-header-id-meta":"","stick-header-meta":"","header-above-stick-meta":"","header-main-stick-meta":"","header-below-stick-meta":"","astra-migrate-meta-layouts":"default","ast-page-background-enabled":"default","ast-page-background-meta":{"desktop":{"background-color":"var(--ast-global-color-5)","background-image":"","background-repeat":"repeat","background-position":"center center","background-size":"auto","background-attachment":"scroll","background-type":"","background-media":"","overlay-type":"","overlay-color":"","overlay-opacity":"","overlay-gradient":""},"tablet":{"background-color":"","background-image":"","background-repeat":"repeat","background-position":"center center","background-size":"auto","background-attachment":"scroll","background-type":"","background-media":"","overlay-type":"","overlay-color":"","overlay-opacity":"","overlay-gradient":""},"mobile":{"background-color":"","background-image":"","background-repeat":"repeat","background-position":"center center","background-size":"auto","background-attachment":"scroll","background-type":"","background-media":"","overlay-type":"","overlay-color":"","overlay-opacity":"","overlay-gradient":""}},"ast-content-background-meta":{"desktop":{"background-color":"var(--ast-global-color-4)","background-image":"","background-repeat":"repeat","background-position":"center center","background-size":"auto","background-attachment":"scroll","background-type":"","background-media":"","overlay-type":"","overlay-color":"","overlay-opacity":"","overlay-gradient":""},"tablet":{"background-color":"var(--ast-global-color-4)","background-image":"","background-repeat":"repeat","background-position":"center center","background-size":"auto","background-attachment":"scroll","background-type":"","background-media":"","overlay-type":"","overlay-color":"","overlay-opacity":"","overlay-gradient":""},"mobile":{"background-color":"var(--ast-global-color-4)","background-image":"","background-repeat":"repeat","background-position":"center center","background-size":"auto","background-attachment":"scroll","background-type":"","background-media":"","overlay-type":"","overlay-color":"","overlay-opacity":"","overlay-gradient":""}},"advanced_seo_description":"","jetpack_seo_html_title":"","jetpack_seo_noindex":false,"_jetpack_newsletter_access":"","_jetpack_dont_email_post_to_subs":false,"_jetpack_newsletter_tier_id":0,"_jetpack_memberships_contains_paywalled_content":false,"_jetpack_memberships_contains_paid_content":false,"footnotes":"","jetpack_publicize_message":"One more review I forgot to post this week. Let's check the latest album of Orden Ogan and \"The Order of Fear\"\n\n#metal #powermetal #newalbum #albumreview #OrdenOgan","jetpack_publicize_feature_enabled":true,"jetpack_social_post_already_shared":false,"jetpack_social_options":{"image_generator_settings":{"template":"highway","enabled":false},"version":2},"_wpas_customize_per_network":false,"jetpack_post_was_ever_published":false},"categories":[3190911],"tags":[2724258,15902,5263,1393,8665930,5131623,18933],"class_list":["post-4044","post","type-post","status-publish","format-standard","has-post-thumbnail","hentry","category-track-talk","tag-2724258","tag-album-review","tag-heavy-metal","tag-metal","tag-nove-album","tag-orden-ogan","tag-power-metal"],"jetpack_publicize_connections":[],"jetpack_featured_media_url":"https:\/\/i0.wp.com\/sound-scribe.com\/wp-content\/uploads\/2024\/07\/orden-ogan_the-order-of-fear-cover.jpg?fit=800%2C800&ssl=1","jetpack_likes_enabled":true,"jetpack_sharing_enabled":true,"jetpack_shortlink":"https:\/\/wp.me\/pfd0HC-13e","jetpack-related-posts":[{"id":10368,"url":"https:\/\/sound-scribe.com\/en\/2025\/07\/09\/armageddon\/","url_meta":{"origin":4044,"position":0},"title":"Armageddon","author":"Kerry Lynx","date":"9 July 2025","format":false,"excerpt":"Kapela Warkings vydala nov\u00e9 album \"Armageddon\", kter\u00e9 obsahuje 14 skladeb a p\u0159edstavuje zm\u011bny ve zvuku kapely. Album bylo kladn\u011b hodnoceno (95%).","rel":"","context":"In &quot;Track Talk&quot;","block_context":{"text":"Track Talk","link":"https:\/\/sound-scribe.com\/en\/category\/track-talk\/"},"img":{"alt_text":"","src":"https:\/\/i0.wp.com\/sound-scribe.com\/wp-content\/uploads\/2025\/07\/warkings_armageddon_album_cover.jpg?fit=800%2C800&ssl=1&resize=350%2C200","width":350,"height":200,"srcset":"https:\/\/i0.wp.com\/sound-scribe.com\/wp-content\/uploads\/2025\/07\/warkings_armageddon_album_cover.jpg?fit=800%2C800&ssl=1&resize=350%2C200 1x, https:\/\/i0.wp.com\/sound-scribe.com\/wp-content\/uploads\/2025\/07\/warkings_armageddon_album_cover.jpg?fit=800%2C800&ssl=1&resize=525%2C300 1.5x, https:\/\/i0.wp.com\/sound-scribe.com\/wp-content\/uploads\/2025\/07\/warkings_armageddon_album_cover.jpg?fit=800%2C800&ssl=1&resize=700%2C400 2x"},"classes":[]},{"id":13674,"url":"https:\/\/sound-scribe.com\/en\/2025\/10\/10\/valecne-tazeni-trpasliku-bylo-uspesne\/","url_meta":{"origin":4044,"position":1},"title":"V\u00e1le\u010dn\u00e9 ta\u017een\u00ed Trpasl\u00edk\u016f bylo ve Zl\u00edn\u011b \u00fasp\u011b\u0161n\u00e9","author":"Kerry Lynx","date":"10 October 2025","format":false,"excerpt":"V Zl\u00edn\u011b vystoupily t\u0159i kapely, Angus McSix, Orden Ogan a Wind Rose, prezentuj\u00edc\u00ed energick\u00e9 power metalov\u00e9 show. Publikum si u\u017eilo siln\u00e9 v\u00fdkony, ale zvukov\u00e9 probl\u00e9my ovlivnily z\u00e1\u017eitek.","rel":"","context":"In &quot;Live Loud&quot;","block_context":{"text":"Live Loud","link":"https:\/\/sound-scribe.com\/en\/category\/live-loud\/"},"img":{"alt_text":"","src":"https:\/\/i0.wp.com\/sound-scribe.com\/wp-content\/uploads\/2025\/10\/Wind-Rose-Masters-of-Rock-Cafe-Zlin-2025-7817.jpg?fit=1200%2C661&ssl=1&resize=350%2C200","width":350,"height":200,"srcset":"https:\/\/i0.wp.com\/sound-scribe.com\/wp-content\/uploads\/2025\/10\/Wind-Rose-Masters-of-Rock-Cafe-Zlin-2025-7817.jpg?fit=1200%2C661&ssl=1&resize=350%2C200 1x, https:\/\/i0.wp.com\/sound-scribe.com\/wp-content\/uploads\/2025\/10\/Wind-Rose-Masters-of-Rock-Cafe-Zlin-2025-7817.jpg?fit=1200%2C661&ssl=1&resize=525%2C300 1.5x, https:\/\/i0.wp.com\/sound-scribe.com\/wp-content\/uploads\/2025\/10\/Wind-Rose-Masters-of-Rock-Cafe-Zlin-2025-7817.jpg?fit=1200%2C661&ssl=1&resize=700%2C400 2x, https:\/\/i0.wp.com\/sound-scribe.com\/wp-content\/uploads\/2025\/10\/Wind-Rose-Masters-of-Rock-Cafe-Zlin-2025-7817.jpg?fit=1200%2C661&ssl=1&resize=1050%2C600 3x"},"classes":[]},{"id":12445,"url":"https:\/\/sound-scribe.com\/en\/2025\/09\/13\/windrose-ve-zline-i-v-praze\/","url_meta":{"origin":4044,"position":2},"title":"Windrose ve Zl\u00edn\u011b i v Praze","author":"Kerry Lynx","date":"13 September 2025","format":false,"excerpt":"Trpasl\u00edci Windrose jedou na evropsk\u00e9 turn\u00e9 \"Tourslayer\" s koncerty v \u010cesk\u00e9 republice 4. a 21. \u0159\u00edjna 2025, p\u0159i\u010dem\u017e Zl\u00edn m\u00e1 st\u00e1le dostupn\u00e9 vstupenky.","rel":"","context":"In &quot;Show Alerts&quot;","block_context":{"text":"Show Alerts","link":"https:\/\/sound-scribe.com\/en\/category\/show-alerts\/"},"img":{"alt_text":"","src":"https:\/\/i0.wp.com\/sound-scribe.com\/wp-content\/uploads\/2025\/09\/WindRose_2223x1158_web.jpg?fit=1200%2C625&ssl=1&resize=350%2C200","width":350,"height":200,"srcset":"https:\/\/i0.wp.com\/sound-scribe.com\/wp-content\/uploads\/2025\/09\/WindRose_2223x1158_web.jpg?fit=1200%2C625&ssl=1&resize=350%2C200 1x, https:\/\/i0.wp.com\/sound-scribe.com\/wp-content\/uploads\/2025\/09\/WindRose_2223x1158_web.jpg?fit=1200%2C625&ssl=1&resize=525%2C300 1.5x, https:\/\/i0.wp.com\/sound-scribe.com\/wp-content\/uploads\/2025\/09\/WindRose_2223x1158_web.jpg?fit=1200%2C625&ssl=1&resize=700%2C400 2x, https:\/\/i0.wp.com\/sound-scribe.com\/wp-content\/uploads\/2025\/09\/WindRose_2223x1158_web.jpg?fit=1200%2C625&ssl=1&resize=1050%2C600 3x"},"classes":[]},{"id":5895,"url":"https:\/\/sound-scribe.com\/en\/2025\/01\/05\/zimni-masters-of-rock\/","url_meta":{"origin":4044,"position":3},"title":"Zimn\u00ed Masters of Rock","author":"Kerry Lynx","date":"5 January 2025","format":false,"excerpt":"Jako ji\u017e tradi\u010dn\u011b pat\u0159ila prvn\u00ed prosincov\u00e1 sobota, tedy 7.12.2024, Zl\u00ednsk\u00e9mu festivalu Winter Masters of Rock v hale DATART. Letos n\u00e1m nab\u00eddla celkem neobvyklou sestavu a za odpoledne\/ve\u010der se p\u0159edstavily kapely mnoha r\u016fzn\u00fdch \u017e\u00e1nr\u016f. P\u016flhodinu po poledni cel\u00fd festival zah\u00e1jila heavy metalov\u00e1 skupina BLAX, kterou jsme letos mohli vid\u011bt ji\u017e pot\u0159et\u00ed.\u2026","rel":"","context":"In &quot;Live Loud&quot;","block_context":{"text":"Live Loud","link":"https:\/\/sound-scribe.com\/en\/category\/live-loud\/"},"img":{"alt_text":"","src":"https:\/\/i0.wp.com\/sound-scribe.com\/wp-content\/uploads\/2024\/12\/815a5698.jpg?resize=350%2C200&ssl=1","width":350,"height":200,"srcset":"https:\/\/i0.wp.com\/sound-scribe.com\/wp-content\/uploads\/2024\/12\/815a5698.jpg?resize=350%2C200&ssl=1 1x, https:\/\/i0.wp.com\/sound-scribe.com\/wp-content\/uploads\/2024\/12\/815a5698.jpg?resize=525%2C300&ssl=1 1.5x, https:\/\/i0.wp.com\/sound-scribe.com\/wp-content\/uploads\/2024\/12\/815a5698.jpg?resize=700%2C400&ssl=1 2x, https:\/\/i0.wp.com\/sound-scribe.com\/wp-content\/uploads\/2024\/12\/815a5698.jpg?resize=1050%2C600&ssl=1 3x"},"classes":[]},{"id":3223,"url":"https:\/\/sound-scribe.com\/en\/2024\/06\/15\/metalfest-2024\/","url_meta":{"origin":4044,"position":4},"title":"Metalfest 2024","author":"Kerry Lynx","date":"15 June 2024","format":false,"excerpt":"Prvn\u00ed \u010dervnov\u00fd v\u00edkend ji\u017e tradi\u010dn\u011b pat\u0159\u00ed Plze\u0148sk\u00e9mu Metalfestu a tento rok nebyl v\u00fdjimkou, proto jsem se tam tak\u00e9 vypravila. Kempy a prvn\u00ed st\u00e1nky se otv\u00edrali ji\u017e ve \u010dtvrtek 30.5. a Plze\u0148 se pomalu za\u010dala plnit metalisty nejenom z \u010cesk\u00e9 republiky a okol\u00ed, ale tak\u00e9 z dal\u0161\u00edch zem\u00ed. Jedin\u00fdm negativn\u00edm vlivem\u2026","rel":"","context":"In &quot;Live Loud&quot;","block_context":{"text":"Live Loud","link":"https:\/\/sound-scribe.com\/en\/category\/live-loud\/"},"img":{"alt_text":"","src":"https:\/\/i0.wp.com\/sound-scribe.com\/wp-content\/uploads\/2024\/06\/metalfest_day_3-8.jpg?fit=1200%2C900&ssl=1&resize=350%2C200","width":350,"height":200,"srcset":"https:\/\/i0.wp.com\/sound-scribe.com\/wp-content\/uploads\/2024\/06\/metalfest_day_3-8.jpg?fit=1200%2C900&ssl=1&resize=350%2C200 1x, https:\/\/i0.wp.com\/sound-scribe.com\/wp-content\/uploads\/2024\/06\/metalfest_day_3-8.jpg?fit=1200%2C900&ssl=1&resize=525%2C300 1.5x, https:\/\/i0.wp.com\/sound-scribe.com\/wp-content\/uploads\/2024\/06\/metalfest_day_3-8.jpg?fit=1200%2C900&ssl=1&resize=700%2C400 2x, https:\/\/i0.wp.com\/sound-scribe.com\/wp-content\/uploads\/2024\/06\/metalfest_day_3-8.jpg?fit=1200%2C900&ssl=1&resize=1050%2C600 3x"},"classes":[]},{"id":6702,"url":"https:\/\/sound-scribe.com\/en\/2025\/02\/25\/pribehy-z-temnoty\/","url_meta":{"origin":4044,"position":5},"title":"P\u0159\u00edb\u011bhy z temnoty","author":"Kerry Lynx","date":"25 February 2025","format":false,"excerpt":"Tento t\u00fdden si \u0159ekneme o anglick\u00e9 kapele z Lond\u00fdna a jejich nov\u00e9m albu. Jedn\u00e1 se o skupinu Serpentyne a album \"Tales From The Dark\", kter\u00e9 vy\u0161lo v p\u00e1tek 14. \u00fanora 2025. Kapela byla zalo\u017eena v roce 2010 zp\u011bva\u010dkou Maggiebeth a toto je jejich p\u00e1t\u00e9 studiov\u00e9 album. Sou\u010dasn\u00e1 sestava je p\u011bti\u010dlenn\u00e1,\u2026","rel":"","context":"In &quot;Track Talk&quot;","block_context":{"text":"Track Talk","link":"https:\/\/sound-scribe.com\/en\/category\/track-talk\/"},"img":{"alt_text":"","src":"https:\/\/i0.wp.com\/sound-scribe.com\/wp-content\/uploads\/2025\/02\/tales-from-the-dark-cover.jpg?fit=1000%2C1000&ssl=1&resize=350%2C200","width":350,"height":200,"srcset":"https:\/\/i0.wp.com\/sound-scribe.com\/wp-content\/uploads\/2025\/02\/tales-from-the-dark-cover.jpg?fit=1000%2C1000&ssl=1&resize=350%2C200 1x, https:\/\/i0.wp.com\/sound-scribe.com\/wp-content\/uploads\/2025\/02\/tales-from-the-dark-cover.jpg?fit=1000%2C1000&ssl=1&resize=525%2C300 1.5x, https:\/\/i0.wp.com\/sound-scribe.com\/wp-content\/uploads\/2025\/02\/tales-from-the-dark-cover.jpg?fit=1000%2C1000&ssl=1&resize=700%2C400 2x"},"classes":[]}],"_links":{"self":[{"href":"https:\/\/sound-scribe.com\/en\/wp-json\/wp\/v2\/posts\/4044","targetHints":{"allow":["GET"]}}],"collection":[{"href":"https:\/\/sound-scribe.com\/en\/wp-json\/wp\/v2\/posts"}],"about":[{"href":"https:\/\/sound-scribe.com\/en\/wp-json\/wp\/v2\/types\/post"}],"author":[{"embeddable":true,"href":"https:\/\/sound-scribe.com\/en\/wp-json\/wp\/v2\/users\/241323962"}],"replies":[{"embeddable":true,"href":"https:\/\/sound-scribe.com\/en\/wp-json\/wp\/v2\/comments?post=4044"}],"version-history":[{"count":13,"href":"https:\/\/sound-scribe.com\/en\/wp-json\/wp\/v2\/posts\/4044\/revisions"}],"predecessor-version":[{"id":4209,"href":"https:\/\/sound-scribe.com\/en\/wp-json\/wp\/v2\/posts\/4044\/revisions\/4209"}],"wp:featuredmedia":[{"embeddable":true,"href":"https:\/\/sound-scribe.com\/en\/wp-json\/wp\/v2\/media\/4045"}],"wp:attachment":[{"href":"https:\/\/sound-scribe.com\/en\/wp-json\/wp\/v2\/media?parent=4044"}],"wp:term":[{"taxonomy":"category","embeddable":true,"href":"https:\/\/sound-scribe.com\/en\/wp-json\/wp\/v2\/categories?post=4044"},{"taxonomy":"post_tag","embeddable":true,"href":"https:\/\/sound-scribe.com\/en\/wp-json\/wp\/v2\/tags?post=4044"}],"curies":[{"name":"wp","href":"https:\/\/api.w.org\/{rel}","templated":true}]}}