{"id":2846,"date":"2024-05-01T15:56:19","date_gmt":"2024-05-01T13:56:19","guid":{"rendered":"https:\/\/sound-scribe.com\/?p=2846"},"modified":"2024-05-02T17:46:21","modified_gmt":"2024-05-02T15:46:21","slug":"antonio-and-tetzel-of-all-for-metal","status":"publish","type":"post","link":"https:\/\/sound-scribe.com\/en\/2024\/05\/01\/antonio-and-tetzel-of-all-for-metal\/","title":{"rendered":"Antonio and Tetzel of All For Metal"},"content":{"rendered":"<p class=\"wp-block-paragraph\"><strong>\u2193\u2193\u2193 English text down below \u2193\u2193\u2193<\/strong><\/p>\n\n\n\n<p class=\"has-text-align-justify wp-block-paragraph\">Dne 22.4., kdy\u017e se v Praze konal koncert <strong>Lordi<\/strong>, jsem m\u011bla mo\u017enost setkat se s Antoniem Calannou a Timem &#8222;Tetzelem&#8220; Wagnerem, zp\u011bv\u00e1ky <strong>All For Metal<\/strong>. Je\u0161t\u011b jednou d\u00edky za V\u00e1\u0161 \u010das, bylo opravdu skv\u011bl\u00e9 si s V\u00e1mi popov\u00eddat.<\/p>\n\n\n\n<p class=\"has-text-align-justify wp-block-paragraph\"><strong><em>Dobr\u00fd den, je opravdu p\u0159\u00edjemn\u00e9 se s v\u00e1mi op\u011bt setkat, a to tady v \u010cesk\u00e9 republice.<\/em><\/strong><\/p>\n\n\n\n<p class=\"has-text-align-justify wp-block-paragraph\"><strong>Antonio<\/strong><br>Jsem r\u00e1d, \u017ee jsme zp\u00e1tky. Hr\u00e1li jsme v ji\u017e Plzni (na <strong>Metalfest<\/strong>u), pak loni s <strong>Windrose<\/strong> ve Zl\u00edn\u011b, v Masters of Rock Cafe. Dnes hrajeme tady v Praze a z\u00edtra v Ostrav\u011b. A vr\u00e1t\u00edme se v l\u00e9t\u011b na <strong>Rock Castle<\/strong>. Tak\u017ee si mysl\u00edm, \u017ee po N\u011bmecku je \u010cesk\u00e1 republika nejnav\u0161t\u011bvovan\u011bj\u0161\u00ed zem\u00ed.<\/p>\n\n\n\n<p class=\"has-text-align-justify wp-block-paragraph\"><strong><em>Je to opravdu \u00fa\u017easn\u00e9, proto\u017ee jsem byla na v\u0161ech koncertech, kter\u00e9 jsi zm\u00ednil, a je opravdu bezva v\u00e1s tu vid\u011bt.<br>Koncert na Metalfestu byl mysl\u00edm v\u016fbec prvn\u00ed, \u017ee? Tak\u017ee to byla opravdu historick\u00e1 ud\u00e1lost i pro n\u00e1s, pro fanou\u0161ky. I pro m\u011b bylo dobr\u00e9 vid\u011bt rozd\u00edl mezi prvn\u00ed a druhou show. Proto\u017ee jste si na p\u00f3diu vytvo\u0159ili symbi\u00f3zu a bylo opravdu zaj\u00edmav\u00e9 to vid\u011bt.<\/em><\/strong><\/p>\n\n\n\n<p class=\"wp-block-paragraph\"><strong>Antonio<\/strong><br>A dnes ve\u010der bude vid\u011bt je\u0161t\u011b dal\u0161\u00ed v\u00fdvoj.<\/p>\n\n\n\n<figure class=\"wp-block-image size-large\"><img data-recalc-dims=\"1\" decoding=\"async\" src=\"https:\/\/i0.wp.com\/sound-scribe.com\/wp-content\/uploads\/2024\/04\/all-for-metal_praha_0424-26.jpg?ssl=1\" alt=\"\" class=\"wp-image-2726\" \/><\/figure>\n\n\n\n<p class=\"wp-block-paragraph\"><strong><em>M\u016f\u017eeme se dnes t\u011b\u0161it na n\u011bjak\u00e9 nov\u00e9 p\u00edsn\u011b?<\/em><\/strong><\/p>\n\n\n\n<p class=\"wp-block-paragraph\"><strong>Tetzel<\/strong><br>Jen jednu, proto\u017ee m\u00e1me jen kr\u00e1tk\u00fd set.<\/p>\n\n\n\n<p class=\"has-text-align-justify wp-block-paragraph\"><strong><em>Vy pl\u00e1nujete vydat nov\u00e9 album. U\u017e jste dokonce ji\u017e vydali prvn\u00ed singl. Co bude d\u00e1l?<\/em><\/strong><\/p>\n\n\n\n<p class=\"has-text-align-justify wp-block-paragraph\"><strong>Antonio<\/strong><br>Ano, p\u0159esn\u011b tak. A te\u010f za necel\u00fd m\u011bs\u00edc druh\u00fd singl, pak za dva m\u011bs\u00edce t\u0159et\u00ed singl, pak bonusov\u00e1 skladba. A na release party v Hamburku odehrajeme n\u00e1\u0161 prvn\u00ed headliner koncert. Prvn\u00ed den 23. srpna je u\u017e vyprodan\u00fd. A pl\u00e1nujeme dal\u0161\u00ed i den pot\u00e9, 24. z\u00e1\u0159\u00ed, na stejn\u00e9m m\u00edst\u011b. A mysl\u00edm, \u017ee to vyprod\u00e1me.<\/p>\n\n\n\n<p class=\"has-text-align-justify wp-block-paragraph\"><strong><em>Tak\u017ee se m\u016f\u017eeme brzy t\u011b\u0161it na novou hudbu. Cht\u011bla jsem se t\u011b (Tetzela) zeptat na tvou dal\u0161\u00ed kapelu, <\/em>Asenblut<em>, proto\u017ee jste tak\u00e9 ohl\u00e1sili nov\u00e9 turn\u00e9.<\/em><\/strong><\/p>\n\n\n\n<p class=\"has-text-align-justify wp-block-paragraph\"><strong>Tetzel<\/strong><br>Bohu\u017eel jen n\u011bmeck\u00e9 turn\u00e9. Nov\u00e9 album vyjde 2. srpna, tedy t\u0159i t\u00fddny p\u0159ed nov\u00fdm albem All For Metal, a pok\u0159t\u00edme ho na festivalu <strong>Wacken<\/strong>. Uvid\u00edme, co se n\u00e1m poda\u0159\u00ed, i na to se t\u011b\u0161\u00edm. Lid\u00e9 m\u011b toti\u017e poznaj\u00ed u\u017e v mezin\u00e1rodn\u00edm m\u011b\u0159\u00edtku a metal si v\u011bt\u0161inou m\u016f\u017eete poslechnout v jak\u00e9mkoliv jazyce. J\u00e1 s\u00e1m poslouch\u00e1m islandsk\u00fd metal, norsk\u00fd metal, cokoliv. Nerozum\u00edm tomu, ale l\u00edb\u00ed se mi hudebn\u011b, tak\u017ee t\u0159eba to lidi zaujme a v budoucnu si zahrajeme t\u0159eba i v \u010cesku.<\/p>\n\n\n\n<p class=\"wp-block-paragraph\"><strong><em>To by bylo fakt super.<\/em><\/strong><\/p>\n\n\n\n<p class=\"has-text-align-justify wp-block-paragraph\"><strong>Tetzel<\/strong><br>Tak uvid\u00edme. V \u010cesk\u00e9 republice jsme skute\u010dn\u011b hr\u00e1li v roce 2018. Jeli jsme turn\u00e9 s n\u011bjak\u00fdmi blackmetalov\u00fdmi kapelami a byla tam kritika. Vzpom\u00edn\u00e1m si, \u017ee tak trochu zvl\u00e1\u0161tn\u00ed recenze je n\u011bco, co ob\u010das dost\u00e1v\u00e1me s All For Metal. Byl tam n\u011bjak\u00fd chl\u00e1pek, kter\u00e9mu se v podstat\u011b l\u00edbila jen norsk\u00e1 blackmetalov\u00e1 kapela. Byli jsme s nimi na turn\u00e9 a jemu se prost\u011b l\u00edbili. Tak\u017ee to byly \u010dty\u0159i kapely a on v podstat\u011b \u0159ekl, \u017ee v\u0161echno je odpad. \u0158\u00edkal jsem si, ok, jdi do h\u00e1je.<br>To jsme za\u017eili v Kodani s All For Metal, tam byl chl\u00e1pek, pro\u0161el na\u0161i show, ka\u017edi\u010dk\u00fd detail, byl opravdu velmi v\u0161\u00edmav\u00fd, ale prost\u011b se mu to dohromady nel\u00edbilo.<\/p>\n\n\n\n<figure class=\"wp-block-image size-large\"><img data-recalc-dims=\"1\" decoding=\"async\" src=\"https:\/\/i0.wp.com\/sound-scribe.com\/wp-content\/uploads\/2024\/04\/all-for-metal_praha_0424-30.jpg?ssl=1\" alt=\"\" class=\"wp-image-2730\" \/><\/figure>\n\n\n\n<p class=\"has-text-align-justify wp-block-paragraph\"><strong><em>Opravdu jsem sly\u0161ela hodn\u011b pozitivn\u00edch recenz\u00ed na <\/em>All For Metal<em>, ale obecn\u011b hodn\u011b dobr\u00e9. Lidem se l\u00edb\u00ed kost\u00fdmy a energie a mn\u011b se l\u00edb\u00ed i v\u00fdrazn\u00e9 p\u00edsn\u011b. Je to fakt super. Jen jsem sly\u0161ela, \u017ee je to jako Manowar, ale lep\u0161\u00ed.<\/em><\/strong><\/p>\n\n\n\n<p class=\"has-text-align-justify wp-block-paragraph\"><strong>Antonio<\/strong><br>Manowar, Manowar, to jsou samoz\u0159ejm\u011b kr\u00e1lov\u00e9 metalu.<br><strong>Tetzel<\/strong><br>Jo, ale my jsme bohov\u00e9 metalu.<br><strong>Antonio<\/strong><br>Mus\u00edme sn\u00edst je\u0161t\u011b hodn\u011b t\u011bstovin, ne\u017e se staneme <strong>Manowar<\/strong>.<br><strong>Tetzel<\/strong><br>N\u011bkdo v podstat\u011b \u0159ekl, \u017ee rozd\u00edl je v tom, \u017ee my m\u00e1me takov\u00fd ten \u0161tiplav\u00fd humor, kter\u00fd jim tak trochu chyb\u00ed, proto\u017ee my jsme samoz\u0159ejm\u011b v\u00e1\u017en\u00e1 kapela, ale nebereme se moc v\u00e1\u017en\u011b, ale to, co d\u011bl\u00e1me, chceme d\u011blat dob\u0159e a chceme vypadat dob\u0159e a chceme vypadat siln\u011b a chceme hr\u00e1t velmi, velmi dob\u0159e. Je to pro n\u00e1s velmi d\u016fle\u017eit\u00e9. Ale na druhou stranu v\u00edme, \u017ee jde o to, aby se v\u0161ichni bavili, aby se bavili div\u00e1ci, abychom se spojili a prost\u011b si v\u0161echno u\u017eili. Ano, mysl\u00edm, \u017ee o to jde.<\/p>\n\n\n\n<p class=\"has-text-align-justify wp-block-paragraph\"><strong><em>Mysl\u00edm, \u017ee odv\u00e1d\u00edte skv\u011blou pr\u00e1ci, proto\u017ee je to opravdu z\u00e1bava. V\u00edte, v\u0161ichni se bav\u00ed a atmosf\u00e9ra je takov\u00e1 pozitivn\u00ed a p\u0159\u00e1telsk\u00e1.<br>V\u00edm, \u017ee ty, Tetzle, m\u00e1\u0161 k \u010cesk\u00e9 republice velmi pozitivn\u00ed vztah.<\/em><\/strong><\/p>\n\n\n\n<p class=\"has-text-align-justify wp-block-paragraph\"><strong>Tetzel<\/strong><br>Jo, m\u00e1m r\u00e1d \u010desk\u00e9 pivo, m\u00e1m r\u00e1d Vep\u0159o, zelo, knedl\u00edk. M\u00e1m r\u00e1d \u010desk\u00e9 lidi. L\u00edb\u00ed se mi zdej\u0161\u00ed krajina. Jo, mysl\u00edm, \u017ee jsme se bavili o tom, jak jsem byl p\u00e1rkr\u00e1t na t\u00fa\u0159e v Krkono\u0161\u00edch.<\/p>\n\n\n\n<p class=\"has-text-align-justify wp-block-paragraph\"><strong><em>To je dob\u0159e, proto\u017ee m\u016f\u017eeme doufat, \u017ee se sem budete vracet znovu a znovu.<\/em><\/strong><\/p>\n\n\n\n<p class=\"has-text-align-justify wp-block-paragraph\"><strong>Antonio<\/strong><br>No jo, chceme se vr\u00e1tit.<br><strong>Tetzel<\/strong><br>Kdy\u017e se n\u00e1m bude da\u0159it na <strong>Rock Castle<\/strong>.<br><strong>Antonio<\/strong><br>U\u017e te\u010f si m\u016f\u017eete p\u0159edobjednat na\u0161e album, abychom mohli vstoupit do \u010desk\u00fdch hitpar\u00e1d. M\u011blo by b\u00fdt brzy i na Amazonu.<br>(<a href=\"https:\/\/www.atomicfire-records.com\/brand\/4019\">Objedn\u00e1vejte zde na odkazu<\/a>)<\/p>\n\n\n\n<p class=\"wp-block-paragraph\"><strong><em>Mus\u00edte je\u0161t\u011b pracovat? M\u00e1\u0161 n\u011bjakou pr\u00e1ci?<\/em><\/strong><\/p>\n\n\n\n<p class=\"has-text-align-justify wp-block-paragraph\"><strong>Tetzel<\/strong><br>Jsme muzikanti. T\u0159eba j\u00e1 mezi turn\u00e9 a tak d\u011bl\u00e1m hodn\u011b hlasov\u00e9ho kou\u010de. Ale Antonio je po\u0159\u00e1d na turn\u00e9. Kdy\u017e nen\u00ed na turn\u00e9 s n\u00e1mi, tak je na turn\u00e9 s muzik\u00e1ly.<br><strong>Antonio<\/strong><br>Loni jsem byl je\u0161t\u011b tak\u00e9 na turn\u00e9 s <strong>Induction<\/strong>.<\/p>\n\n\n\n<figure class=\"wp-block-image size-large\"><img data-recalc-dims=\"1\" decoding=\"async\" src=\"https:\/\/i0.wp.com\/sound-scribe.com\/wp-content\/uploads\/2024\/04\/all-for-metal_praha_0424-6.jpg?ssl=1\" alt=\"\" class=\"wp-image-2708\" \/><\/figure>\n\n\n\n<p class=\"wp-block-paragraph\"><strong><em>A chci se t\u011b (Tetzela) je\u0161t\u011b zeptat na tv\u00e9 kulturistick\u00e9 aktivity.<\/em><\/strong><\/p>\n\n\n\n<p class=\"has-text-align-justify wp-block-paragraph\"><strong>Tetzel<\/strong><br>No, b\u00fdval jsem profesion\u00e1ln\u00ed sportovec. Te\u010f si d\u00e1v\u00e1m tak trochu pauzu. Ne\u0159\u00edk\u00e1m, \u017ee u\u017e nebudu sout\u011b\u017eit, ale samoz\u0159ejm\u011b st\u00e1rnu, a jak se hudba st\u00e1v\u00e1 d\u016fle\u017eit\u011bj\u0161\u00ed a jsem v\u00edc na cest\u00e1ch, je m\u00e9n\u011b mo\u017en\u00e9 sout\u011b\u017eit na velmi vysok\u00e9 \u00farovni. Kulturistice jsem se v\u011bnoval t\u00e9m\u011b\u0159 p\u0159ed deseti lety. Tak\u017ee jsem byl profesion\u00e1ln\u00ed strongman a powerlifter. Na pr\u016fm\u011brn\u00e9ho chlapa jsem po\u0159\u00e1d dost siln\u00fd, ale u\u017e ne na takov\u00e9 elitn\u00ed \u00farovni, na jak\u00e9 jsem sout\u011b\u017eil d\u0159\u00edv. Tak\u017ee te\u010f d\u011bl\u00e1m p\u00e1r turnaj\u016f v p\u00e1ce jen tak pro z\u00e1bavu, proto\u017ee to je takov\u00e1 mezihra. To je taky velk\u00e1 z\u00e1bava. Tak\u017ee ano, pr\u00e1v\u011b te\u010f se sna\u017e\u00edm udr\u017eet ve form\u011b, abych byl schopen ztv\u00e1rnit horu s\u00edly (&#8222;Mountain of Power&#8220;) sp\u00ed\u0161 na p\u00f3diu ne\u017e na sout\u011b\u017ei.<\/p>\n\n\n\n<p class=\"wp-block-paragraph\"><strong><em>Po\u0159\u00e1d t\u011b to ale mus\u00ed bavit a Vy jste po\u0159\u00e1d ve form\u011b.<\/em><\/strong><\/p>\n\n\n\n<p class=\"has-text-align-justify wp-block-paragraph\"><strong>Tetzel<\/strong><br>Samoz\u0159ejm\u011b. V\u017edy\u0165 je to sou\u010d\u00e1st m\u00e9ho \u017eivota. V\u017edycky budu cvi\u010dit. V\u017edycky budu tr\u00e9novat. Je to prost\u011b to, co m\u011b bav\u00ed. Abych byl up\u0159\u00edmn\u00fd, d\u011bl\u00e1m to r\u00e1d. Na turn\u00e9 je pro m\u011b opravdu t\u011b\u017ek\u00e9 udr\u017eet si cvi\u010debn\u00ed pl\u00e1n. Antonio je v tomto ohledu mnohem p\u0159\u00edsn\u011bj\u0161\u00ed ne\u017e j\u00e1.<br><strong>Antonio<\/strong><br>J\u00e1 to m\u00e1m jednodu\u0161\u0161\u00ed, proto\u017ee mus\u00edm vypadat huben\u011b. Pro n\u011bj je to mnohem t\u011b\u017e\u0161\u00ed, proto\u017ee mus\u00ed zvedat v\u011bci, a to vlastn\u011b nen\u00ed tak snadn\u00e9.<br><strong>Tetzel<\/strong><br>Ale j\u00e1 se sna\u017e\u00edm. Je to t\u011b\u017ek\u00e9. V\u00ed\u0161, m\u016f\u017ee\u0161 se sna\u017eit ve voln\u00e9m dni doj\u00edt do posilovny. Ale mus\u00ed\u0161 se na to c\u00edtit.<br><strong>Antonio<\/strong><br>Ve\u010der je show, tak\u017ee nechce\u0161 tu show zkazit, pak jsi opravdu zni\u010den\u00fd. Proto\u017ee vzhledem k tomu, \u017ee jsme za\u010d\u00ednaj\u00edc\u00ed kapela, m\u00e1me toho na bedrech hodn\u011b. Tak\u017ee v\u0161ichni lidi, kte\u0159\u00ed spol\u00e9haj\u00ed na m\u011b a na Tetzela, \u0159e\u0161\u00ed p\u0159\u00edpadn\u00e9 pr\u00e1vn\u00ed probl\u00e9my. Tak\u017ee jsme p\u0159et\u00ed\u017een\u00fd a je\u0161t\u011b mus\u00edme po noc\u00edch zp\u00edvat.<br><strong>Tetzel<\/strong><br>Kvalita sp\u00e1nku v autobuse je sice v po\u0159\u00e1dku, ale nen\u00ed to tak, \u017ee by se \u010dlov\u011bk c\u00edtil, \u017ee je tak sv\u011b\u017e\u00ed. A turn\u00e9 je hodn\u011b dlouh\u00e9, pro m\u011b je to nejdel\u0161\u00ed, co jsem kdy absolvoval.<\/p>\n\n\n\n<p class=\"wp-block-paragraph\"><strong><em>To je ode m\u011b te\u010f u\u017e v\u0161echno, d\u011bkuji moc za V\u00e1\u0161 \u010das.<\/em><\/strong><\/p>\n\n\n\n<p class=\"wp-block-paragraph\"><strong>Tetzel<\/strong><br>U\u017eijte si koncert a uvid\u00edme, co \u0159eknete na v\u00fdvoj.<\/p>\n\n\n\n<p class=\"wp-block-paragraph\">Report z tohoto koncertu naleznete <a href=\"https:\/\/sound-scribe.com\/en\/2024\/04\/27\/lordi-opet-v-roxy-clubu\/\">na odkazu zde<\/a>.<\/p>\n\n\n\n<p class=\"wp-block-paragraph\">Autorkou pou\u017eit\u00fdch fotek je \u0160\u00e1rka Preslov\u00e1.<\/p>\n\n\n\n<figure class=\"wp-block-image size-large\"><img data-recalc-dims=\"1\" decoding=\"async\" src=\"https:\/\/i0.wp.com\/sound-scribe.com\/wp-content\/uploads\/2024\/04\/all-for-metal_praha_0424-10.jpg?ssl=1\" alt=\"\" class=\"wp-image-2711\" \/><\/figure>\n\n\n\n<p class=\"has-medium-font-size wp-block-paragraph\"><strong>English:<\/strong><\/p>\n\n\n\n<p class=\"has-text-align-justify wp-block-paragraph\">On 22.4. when there was a <strong>Lordi<\/strong> show in Prague, I had the opportunity to meet <strong>Antonio<\/strong> <strong>Calanna<\/strong> and <strong>Tim &#8222;Tetzel&#8220; Wagner<\/strong>, both vocalists of All For Metal. Thanks again for your time, it was really nice to talk with you.<\/p>\n\n\n\n<p class=\"wp-block-paragraph\"><strong><em>Hello, it&#8217;s really nice to meet you again, here in the Czech Republic.<\/em><\/strong><\/p>\n\n\n\n<p class=\"has-text-align-justify wp-block-paragraph\"><strong>Antonio<\/strong><br>It&#8217;s good to be back. We played in Pilsen (Metalfest), then last year with Windrose in Zl\u00edn, in Masters of Rock Cafe. Today here, in Prague and tomorrow in Ostrava. And we will be back for Rock Castle. So after Germany, I think the Czech Republic is the most visited country.<\/p>\n\n\n\n<p class=\"has-text-align-justify wp-block-paragraph\"><strong><em>It&#8217;s really awesome because I&#8217;ve been to every show you mentioned and it&#8217;s really cool to see you here.<br>The Metalfest show was the first show ever, I think, right? So it was a really historical event also for us, for the fans. It was also good for me to see the difference between the first show and the second one. Because you developed the symbiosis on stage and it was really interesting to see that.<\/em><\/strong><\/p>\n\n\n\n<p class=\"wp-block-paragraph\"><strong>Antonio<\/strong><br>And tonight something even more evolved.<\/p>\n\n\n\n<p class=\"wp-block-paragraph\"><strong><em>Can we look forward to hear some new songs today?<\/em><\/strong><\/p>\n\n\n\n<p class=\"wp-block-paragraph\"><strong>Tetzel<\/strong><br>Just one, because we have only a short set.<\/p>\n\n\n\n<p class=\"has-text-align-justify wp-block-paragraph\"><strong><em>So you are planning a new album. You already released a new single. What\u2019s next?<\/em><\/strong><\/p>\n\n\n\n<p class=\"has-text-align-justify wp-block-paragraph\"><strong>Antonio<\/strong><br>Yes, exactly. And now in less than a month, second single, then two months, the third single, then the bonus track. And we&#8217;re gonna play our first headliner show in Hamburg for our release party. First day on the 23 August is already sold out. And we are planning to do it the day after on the 24th, at the same location. And we are gonna sell out, I think so.<\/p>\n\n\n\n<p class=\"has-text-align-justify wp-block-paragraph\"><strong><em>So we can look forward to the new music soon. I wanted to ask you (<\/em>Tetzel<em>) about your other band, <\/em>Asenblut<em>, because you also announced a tour.<\/em><\/strong><\/p>\n\n\n\n<p class=\"has-text-align-justify wp-block-paragraph\"><strong>Tetzel<\/strong><br>Unfortunately only the German tour. The new album will be released on August 2nd, so three weeks before the new All For Metal album, and we will release it at the Wacken festival. Let&#8217;s see what we can do, I&#8217;m looking forward to that as well. Because people get to know me internationally as well, and usually you can listen to metal in any language. I mean, I listen to Icelandic metal, Norwegian metal, whatever. I don&#8217;t understand it, but I like the instrumental part, so maybe people will be interested and we can play for example in Czech Republic in the future.<\/p>\n\n\n\n<p class=\"wp-block-paragraph\"><strong><em>It would be really cool.<\/em><\/strong><\/p>\n\n\n\n<p class=\"has-text-align-justify wp-block-paragraph\"><strong>Tetzel<\/strong><br>Let&#8217;s see. We actually played in the Czech Republic in 2018. We did a tour with some black metal bands and there was a review. I remember kind of funny reviews is something we get with All For Metal sometimes. There was a guy, he basically just liked a Norwegian black metal band. We were on tour with them and he just liked them. So it was four bands and he basically said, oh, everything is trash. I was like ok, screw you.<br>We had that in Copenhagen with All For Metal, there was a guy, he went through our show, through every detail, he was very observant but he didn&#8217;t like it.<\/p>\n\n\n\n<p class=\"has-text-align-justify wp-block-paragraph\"><strong><em>I really heard a lot of positive reviews about <\/em>All For Metal<em>, but really good in general. People like the costumes and energy and I like the powerful songs as well. It&#8217;s really cool. I just heard that it&#8217;s like <\/em>Manowar<em>, but better.<\/em><\/strong><\/p>\n\n\n\n<p class=\"has-text-align-justify wp-block-paragraph\"><strong>Antonio<\/strong><br><strong>Manowar<\/strong>, Manowar, they are the Kings of Metal, of course.<br><strong>Tetzel<\/strong><br>Yeah, but we are the Gods of Metal.<br><strong>Antonio<\/strong><br>We have to eat a lot of pasta before we become <strong>Manowar<\/strong>.<br><strong>Tetzel<\/strong><br>Someone said basically the difference is that we have the kind of tongue-in-cheek humor that they kind of lack because obviously we&#8217;re a serious band but we don&#8217;t take ourselves too seriously, but what we do, we want to do well and we want to look good and we want to look strong and we want to perform very, very well. It&#8217;s very important to us. But on the other hand we know that it&#8217;s about having fun for everybody, for the audience, for us to connect and just enjoy everything. Yeah, I think that&#8217;s the point.<\/p>\n\n\n\n<p class=\"has-text-align-justify wp-block-paragraph\"><strong><em>I think you are doing a great job with us because it&#8217;s really fun. You know, everybody&#8217;s having fun and the atmosphere is positive and friendly as well.<br>I know you, <\/em>Tetzel<em>,&nbsp;have a positive relationship with the Czech Republic.<\/em><\/strong><\/p>\n\n\n\n<p class=\"has-text-align-justify wp-block-paragraph\"><strong>Tetzel<\/strong><br>Yeah, I like Czech beer, I like Vep\u0159o, zelo, knedlik. I like Czech people. I like the landscape. Yeah, I think we talked about how I went hiking in Krkono\u0161e a couple of times.<\/p>\n\n\n\n<p class=\"wp-block-paragraph\"><strong><em>That&#8217;s good because we can hope you will come back again and again.<\/em><\/strong><\/p>\n\n\n\n<p class=\"has-text-align-justify wp-block-paragraph\"><strong>Antonio<\/strong><br>Oh, yeah, we want to come back.<br><strong>Tetzel<\/strong><br>If we do well at <strong>Rock Castle<\/strong>.<br><strong>Antonio<\/strong><br>You guys can pre order our album now so we can enter Czech charts. It should be also on Amazon pretty soon.<br>(<a href=\"https:\/\/www.atomicfire-records.com\/brand\/4019\">You can order it here on this link<\/a>)<\/p>\n\n\n\n<p class=\"wp-block-paragraph\"><strong><em>Do you still have to work? Do you have a day job?<\/em><\/strong><\/p>\n\n\n\n<p class=\"has-text-align-justify wp-block-paragraph\"><strong>Tetzel<\/strong><br>We are musicians. Like, I do a lot of voice coaching in between tours and stuff. But Antonio is always on tour. If he&#8217;s not on tour with us, he&#8217;s touring with musicals.<br><strong>Antonio<\/strong><br>I was also on tour with <strong>Induction<\/strong> last year.<\/p>\n\n\n\n<p class=\"wp-block-paragraph\"><strong><em>And I want to ask you (<\/em>Tetzel<em>) about your bodybuilding stuff.<\/em><\/strong><\/p>\n\n\n\n<p class=\"has-text-align-justify wp-block-paragraph\"><strong>Tetzel<\/strong><br>Well, I used to be a professional athlete. Right now I&#8217;m kind of taking a break. I&#8217;m not saying I&#8217;m not going to compete anymore, but of course I&#8217;m getting older and as music becomes more important and I&#8217;m on the road more, it&#8217;s less possible to compete at a very high level. I did bodybuilding almost ten years ago. So I was a competitive strongman and powerlifter. I mean, I&#8217;m still pretty strong for the average guy, but not at the elite level that I used to compete at. So right now I&#8217;m doing a couple of arm wrestling tournaments just for fun, because that&#8217;s kind of in between stuff. That&#8217;s a lot of fun too. So, yeah, right now I&#8217;m trying to stay in shape to be able to portray the mountain of power on stage more than in competition.<\/p>\n\n\n\n<p class=\"wp-block-paragraph\"><strong><em>You still have to like it and you&#8217;re all in shape.<\/em><\/strong><\/p>\n\n\n\n<p class=\"has-text-align-justify wp-block-paragraph\"><strong>Tetzel<\/strong><br>Of course. I mean, this is part of my life. I will always work out. I will always train. It&#8217;s just what I enjoy. I love doing that, to be honest. On tour, for me, it&#8217;s really hard to maintain a schedule of working out. Antonio&#8217;s very much more strict than me on that.<br><strong>Antonio<\/strong><br>I&#8217;m just passing because I have to look skinny. For him, it&#8217;s way more difficult because he has to lift stuff, and it&#8217;s actually not that easy.<br><strong>Tetzel<\/strong><br>But, I&#8217;m trying. I mean, it&#8217;s tough. You know, you could try on the day off to get to the gym. You have to feel like it.&nbsp;<br><strong>Antonio<\/strong><br>There&#8217;s show in the night, so you don&#8217;t want to fuck up the show, then you are really destroyed. Because since we are a newcomer band, we have a lot on our shoulders. So all the people that count on me and Tetzel to solve any legal problems. So we are overstressed and still have to sing at night.<br><strong>Tetzel<\/strong><br>Sleep quality in the bus, I mean, it&#8217;s okay, but it&#8217;s not like you feel, I&#8217;m so fresh. And the tour is very long, for me, it&#8217;s the longest I&#8217;ve ever done.<\/p>\n\n\n\n<p class=\"wp-block-paragraph\"><strong><em>That is all from me, thank you for your time.<\/em><\/strong><\/p>\n\n\n\n<p class=\"wp-block-paragraph\"><strong>Tetzel<\/strong><br>Enjoy the show and let&#8217;s see what you say about the evolution.<\/p>\n\n\n\n<p class=\"wp-block-paragraph\">You can find the report from this show <a href=\"https:\/\/sound-scribe.com\/en\/2024\/04\/27\/lordi-opet-v-roxy-clubu\/\">here on the link<\/a>.<\/p>\n\n\n\n<p class=\"wp-block-paragraph\">All used photos by \u0160\u00e1rka Preslov\u00e1<\/p>","protected":false},"excerpt":{"rendered":"<p>\u2193\u2193\u2193 English text down below \u2193\u2193\u2193 Dne 22.4., kdy\u017e se v Praze konal koncert Lordi, jsem m\u011bla mo\u017enost setkat se s Antoniem Calannou a Timem &#8222;Tetzelem&#8220; Wagnerem, zp\u011bv\u00e1ky All For [&hellip;]<\/p>\n","protected":false},"author":241323962,"featured_media":0,"comment_status":"open","ping_status":"open","sticky":false,"template":"","format":"standard","meta":{"_crdt_document":"","site-sidebar-layout":"default","site-content-layout":"","ast-site-content-layout":"default","site-content-style":"default","site-sidebar-style":"default","ast-global-header-display":"","ast-banner-title-visibility":"","ast-main-header-display":"","ast-hfb-above-header-display":"","ast-hfb-below-header-display":"","ast-hfb-mobile-header-display":"","site-post-title":"","ast-breadcrumbs-content":"","ast-featured-img":"","footer-sml-layout":"","ast-disable-related-posts":"","theme-transparent-header-meta":"","adv-header-id-meta":"","stick-header-meta":"","header-above-stick-meta":"","header-main-stick-meta":"","header-below-stick-meta":"","astra-migrate-meta-layouts":"default","ast-page-background-enabled":"default","ast-page-background-meta":{"desktop":{"background-color":"var(--ast-global-color-5)","background-image":"","background-repeat":"repeat","background-position":"center center","background-size":"auto","background-attachment":"scroll","background-type":"","background-media":"","overlay-type":"","overlay-color":"","overlay-opacity":"","overlay-gradient":""},"tablet":{"background-color":"","background-image":"","background-repeat":"repeat","background-position":"center center","background-size":"auto","background-attachment":"scroll","background-type":"","background-media":"","overlay-type":"","overlay-color":"","overlay-opacity":"","overlay-gradient":""},"mobile":{"background-color":"","background-image":"","background-repeat":"repeat","background-position":"center center","background-size":"auto","background-attachment":"scroll","background-type":"","background-media":"","overlay-type":"","overlay-color":"","overlay-opacity":"","overlay-gradient":""}},"ast-content-background-meta":{"desktop":{"background-color":"var(--ast-global-color-4)","background-image":"","background-repeat":"repeat","background-position":"center center","background-size":"auto","background-attachment":"scroll","background-type":"","background-media":"","overlay-type":"","overlay-color":"","overlay-opacity":"","overlay-gradient":""},"tablet":{"background-color":"var(--ast-global-color-4)","background-image":"","background-repeat":"repeat","background-position":"center center","background-size":"auto","background-attachment":"scroll","background-type":"","background-media":"","overlay-type":"","overlay-color":"","overlay-opacity":"","overlay-gradient":""},"mobile":{"background-color":"var(--ast-global-color-4)","background-image":"","background-repeat":"repeat","background-position":"center center","background-size":"auto","background-attachment":"scroll","background-type":"","background-media":"","overlay-type":"","overlay-color":"","overlay-opacity":"","overlay-gradient":""}},"advanced_seo_description":"","jetpack_seo_html_title":"","jetpack_seo_noindex":false,"_jetpack_newsletter_access":"","_jetpack_dont_email_post_to_subs":false,"_jetpack_newsletter_tier_id":0,"_jetpack_memberships_contains_paywalled_content":false,"_jetpack_memberships_contains_paid_content":false,"footnotes":"","jetpack_publicize_message":"Antonio and Tetzel of All For Metal\nNew interview today. I had a great time with these too, thank you so much for your time! \ud83d\udda4\ud83d\udda4\ud83d\udda4\n\n#interview #metal #heavymetal #allformetal #Antonio #Tetzel #Prague","jetpack_publicize_feature_enabled":true,"jetpack_social_post_already_shared":false,"jetpack_social_options":{"image_generator_settings":{"template":"highway","default_image_id":0,"font":"","enabled":false},"version":2},"_wpas_customize_per_network":false,"jetpack_post_was_ever_published":false},"categories":[777397657],"tags":[2724258,125161971,5263,11788,1393,18933],"class_list":["post-2846","post","type-post","status-publish","format-standard","hentry","category-the-interview-pit","tag-2724258","tag-all-for-metal","tag-heavy-metal","tag-interview","tag-metal","tag-power-metal"],"jetpack_publicize_connections":[],"jetpack_featured_media_url":"","jetpack_likes_enabled":true,"jetpack_sharing_enabled":true,"jetpack_shortlink":"https:\/\/wp.me\/pfd0HC-JU","jetpack-related-posts":[{"id":4501,"url":"https:\/\/sound-scribe.com\/en\/2024\/09\/09\/bohove-metalu-2\/","url_meta":{"origin":2846,"position":0},"title":"Bohov\u00e9 metalu","author":"Kerry Lynx","date":"9 September 2024","format":false,"excerpt":"Dnes se poj\u010fme vr\u00e1tit k n\u011bmecko-italsk\u00e9 skupin\u011b All For Metal. Dne 23.8.2024 jim toti\u017e vy\u0161lo druh\u00e9 studiov\u00e9 album s n\u00e1zvem \"Gods of Metal (Year Of The Dragon)\". Po sv\u00e9m velice \u00fasp\u011b\u0161n\u00e9m debutn\u00edm albu a tak\u00e9 lo\u0148sk\u00e9m roce pln\u00e9ho festival\u016f a prvn\u00ed Evropsk\u00e9 tour spole\u010dn\u011b s WindRose vych\u00e1z\u00ed velkolep\u00e9 pokra\u010dov\u00e1n\u00ed. Ji\u017e\u2026","rel":"","context":"In &quot;Track Talk&quot;","block_context":{"text":"Track Talk","link":"https:\/\/sound-scribe.com\/en\/category\/track-talk\/"},"img":{"alt_text":"","src":"https:\/\/i0.wp.com\/sound-scribe.com\/wp-content\/uploads\/2024\/09\/all-for-metal-gods-of-metal-cover.jpg?fit=1200%2C1200&ssl=1&resize=350%2C200","width":350,"height":200,"srcset":"https:\/\/i0.wp.com\/sound-scribe.com\/wp-content\/uploads\/2024\/09\/all-for-metal-gods-of-metal-cover.jpg?fit=1200%2C1200&ssl=1&resize=350%2C200 1x, https:\/\/i0.wp.com\/sound-scribe.com\/wp-content\/uploads\/2024\/09\/all-for-metal-gods-of-metal-cover.jpg?fit=1200%2C1200&ssl=1&resize=525%2C300 1.5x, https:\/\/i0.wp.com\/sound-scribe.com\/wp-content\/uploads\/2024\/09\/all-for-metal-gods-of-metal-cover.jpg?fit=1200%2C1200&ssl=1&resize=700%2C400 2x, https:\/\/i0.wp.com\/sound-scribe.com\/wp-content\/uploads\/2024\/09\/all-for-metal-gods-of-metal-cover.jpg?fit=1200%2C1200&ssl=1&resize=1050%2C600 3x"},"classes":[]},{"id":12597,"url":"https:\/\/sound-scribe.com\/en\/2025\/09\/26\/all-for-metal-na-spolecne-tour-s-grailknights\/","url_meta":{"origin":2846,"position":1},"title":"All For Metal na spole\u010dn\u00e9 tour s Grailknights","author":"Kerry Lynx","date":"26 September 2025","format":false,"excerpt":"All For Metal a Grailknights, s podporou Tungsten, vystoup\u00ed 25.10. v Schirndingu a 26.10. ve Zl\u00edn\u011b. P\u0159ipravte se na energickou show plnou power metalu.","rel":"","context":"In &quot;Show Alerts&quot;","block_context":{"text":"Show Alerts","link":"https:\/\/sound-scribe.com\/en\/category\/show-alerts\/"},"img":{"alt_text":"","src":"https:\/\/i0.wp.com\/sound-scribe.com\/wp-content\/uploads\/2025\/09\/All-For-Metal_2223x1158_web.webp?fit=1200%2C625&ssl=1&resize=350%2C200","width":350,"height":200,"srcset":"https:\/\/i0.wp.com\/sound-scribe.com\/wp-content\/uploads\/2025\/09\/All-For-Metal_2223x1158_web.webp?fit=1200%2C625&ssl=1&resize=350%2C200 1x, https:\/\/i0.wp.com\/sound-scribe.com\/wp-content\/uploads\/2025\/09\/All-For-Metal_2223x1158_web.webp?fit=1200%2C625&ssl=1&resize=525%2C300 1.5x, https:\/\/i0.wp.com\/sound-scribe.com\/wp-content\/uploads\/2025\/09\/All-For-Metal_2223x1158_web.webp?fit=1200%2C625&ssl=1&resize=700%2C400 2x, https:\/\/i0.wp.com\/sound-scribe.com\/wp-content\/uploads\/2025\/09\/All-For-Metal_2223x1158_web.webp?fit=1200%2C625&ssl=1&resize=1050%2C600 3x"},"classes":[]},{"id":5429,"url":"https:\/\/sound-scribe.com\/en\/2024\/11\/06\/guitarists-of-grailknights\/","url_meta":{"origin":2846,"position":2},"title":"Guitarists of Grailknights","author":"Kerry Lynx","date":"6 November 2024","format":false,"excerpt":"\u2193\u2193\u2193 English down below \u2193\u2193\u2193 Dne 2.11.2024 se mi poda\u0159ilo ud\u011blat rozhovor se t\u0159emi kytarov\u00fdmi superhrdiny (ob\u011bmi kytaristy a bas\u00e1kem) z Grailknights, t\u011bmi jsou Sovereign Storm, Count Cranium a Duncan MacLoud. Je opravdu fajn v\u00e1s v\u0161echny kone\u010dn\u011b vid\u011bt, jeliko\u017e jste v Praze ani v \u010cesk\u00e9 republice n\u011bjakou dobu nebyli. Naposledy\u2026","rel":"","context":"In &quot;The Interview Pit&quot;","block_context":{"text":"The Interview Pit","link":"https:\/\/sound-scribe.com\/en\/category\/the-interview-pit\/"},"img":{"alt_text":"","src":"https:\/\/i0.wp.com\/sound-scribe.com\/wp-content\/uploads\/2024\/11\/grailknights_praha_021124-1.jpg?fit=1200%2C900&ssl=1&resize=350%2C200","width":350,"height":200,"srcset":"https:\/\/i0.wp.com\/sound-scribe.com\/wp-content\/uploads\/2024\/11\/grailknights_praha_021124-1.jpg?fit=1200%2C900&ssl=1&resize=350%2C200 1x, https:\/\/i0.wp.com\/sound-scribe.com\/wp-content\/uploads\/2024\/11\/grailknights_praha_021124-1.jpg?fit=1200%2C900&ssl=1&resize=525%2C300 1.5x, https:\/\/i0.wp.com\/sound-scribe.com\/wp-content\/uploads\/2024\/11\/grailknights_praha_021124-1.jpg?fit=1200%2C900&ssl=1&resize=700%2C400 2x, https:\/\/i0.wp.com\/sound-scribe.com\/wp-content\/uploads\/2024\/11\/grailknights_praha_021124-1.jpg?fit=1200%2C900&ssl=1&resize=1050%2C600 3x"},"classes":[]},{"id":2540,"url":"https:\/\/sound-scribe.com\/en\/2024\/04\/17\/hans-of-feuerschwanz\/","url_meta":{"origin":2846,"position":3},"title":"Hans of Feuerschwanz","author":"Kerry Lynx","date":"17 April 2024","format":false,"excerpt":"\u2193\u2193\u2193 English text down below \u2193\u2193\u2193 P\u0159ed p\u0159edstaven\u00edm Feuerschwanz v Dr\u00e1\u017e\u010fanech jsem m\u011bla mo\u017enost str\u00e1vit n\u011bkolik minut s Hansem Platzem a polo\u017eit mu n\u011bkolik ot\u00e1zek. Report z koncertu zde na odkazu. Zdrav\u00edm v\u00e1s, Hansi, r\u00e1da v\u00e1s pozn\u00e1v\u00e1m a d\u011bkuji v\u00e1m za v\u00e1\u0161 \u010das. V\u00edm, \u017ee jste skv\u011bl\u00fd kytarista a Feuerschwanz\u2026","rel":"","context":"In &quot;The Interview Pit&quot;","block_context":{"text":"The Interview Pit","link":"https:\/\/sound-scribe.com\/en\/category\/the-interview-pit\/"},"img":{"alt_text":"","src":"https:\/\/i0.wp.com\/sound-scribe.com\/wp-content\/uploads\/2024\/04\/hans_rollo_feuerschwanz.jpg?fit=1200%2C900&ssl=1&resize=350%2C200","width":350,"height":200,"srcset":"https:\/\/i0.wp.com\/sound-scribe.com\/wp-content\/uploads\/2024\/04\/hans_rollo_feuerschwanz.jpg?fit=1200%2C900&ssl=1&resize=350%2C200 1x, https:\/\/i0.wp.com\/sound-scribe.com\/wp-content\/uploads\/2024\/04\/hans_rollo_feuerschwanz.jpg?fit=1200%2C900&ssl=1&resize=525%2C300 1.5x, https:\/\/i0.wp.com\/sound-scribe.com\/wp-content\/uploads\/2024\/04\/hans_rollo_feuerschwanz.jpg?fit=1200%2C900&ssl=1&resize=700%2C400 2x, https:\/\/i0.wp.com\/sound-scribe.com\/wp-content\/uploads\/2024\/04\/hans_rollo_feuerschwanz.jpg?fit=1200%2C900&ssl=1&resize=1050%2C600 3x"},"classes":[]},{"id":6808,"url":"https:\/\/sound-scribe.com\/en\/2025\/03\/05\/dirkschneider-v-praze\/","url_meta":{"origin":2846,"position":4},"title":"Dirkschneider v Praze","author":"Kerry Lynx","date":"5 March 2025","format":false,"excerpt":"\u2193\u2193\u2193 English down below \u2193\u2193\u2193 V sobotu 1.3.2025 jsem se vypravila do clubu SaSaZu na Hole\u0161ovickou tr\u017enici kv\u016fli v\u00fdro\u010dn\u00ed show Dirkschneidera s p\u0159edkapelami Crownshift a All For Metal. Klub je\u0161t\u011b p\u0159ed otev\u0159en\u00edm dve\u0159\u00ed hl\u00e1sil vyprod\u00e1no a opravdu byl nacpan\u00fd k prasknut\u00ed. Prvn\u00ed vystupuj\u00edc\u00ed kapelou ve\u010dera byli All For Metal. St\u00e1le\u2026","rel":"","context":"In &quot;Live Loud&quot;","block_context":{"text":"Live Loud","link":"https:\/\/sound-scribe.com\/en\/category\/live-loud\/"},"img":{"alt_text":"","src":"https:\/\/i0.wp.com\/sound-scribe.com\/wp-content\/uploads\/2025\/03\/02_crownshift-13.jpg?fit=1200%2C900&ssl=1&resize=350%2C200","width":350,"height":200,"srcset":"https:\/\/i0.wp.com\/sound-scribe.com\/wp-content\/uploads\/2025\/03\/02_crownshift-13.jpg?fit=1200%2C900&ssl=1&resize=350%2C200 1x, https:\/\/i0.wp.com\/sound-scribe.com\/wp-content\/uploads\/2025\/03\/02_crownshift-13.jpg?fit=1200%2C900&ssl=1&resize=525%2C300 1.5x, https:\/\/i0.wp.com\/sound-scribe.com\/wp-content\/uploads\/2025\/03\/02_crownshift-13.jpg?fit=1200%2C900&ssl=1&resize=700%2C400 2x, https:\/\/i0.wp.com\/sound-scribe.com\/wp-content\/uploads\/2025\/03\/02_crownshift-13.jpg?fit=1200%2C900&ssl=1&resize=1050%2C600 3x"},"classes":[]},{"id":7708,"url":"https:\/\/sound-scribe.com\/en\/2025\/05\/16\/tony-of-crystallion\/","url_meta":{"origin":2846,"position":5},"title":"Tony of Crystallion","author":"Kerry Lynx","date":"16 May 2025","format":false,"excerpt":"Tony Sunclear, the new singer of Crystallion, shares his journey to joining the band, expressing gratitude for their acceptance. The band plans to record new music soon and enjoys touring with friends Claymorean and Solar System. They appreciate their fans, particularly in the Czech Republic.","rel":"","context":"In &quot;The Interview Pit&quot;","block_context":{"text":"The Interview Pit","link":"https:\/\/sound-scribe.com\/en\/category\/the-interview-pit\/"},"img":{"alt_text":"Tony Sunclear singer of Crystallion","src":"https:\/\/i0.wp.com\/sound-scribe.com\/wp-content\/uploads\/2025\/04\/metal-party-zbytiny_12.04.2025_dsc_6971.jpg?fit=1200%2C801&ssl=1&resize=350%2C200","width":350,"height":200,"srcset":"https:\/\/i0.wp.com\/sound-scribe.com\/wp-content\/uploads\/2025\/04\/metal-party-zbytiny_12.04.2025_dsc_6971.jpg?fit=1200%2C801&ssl=1&resize=350%2C200 1x, https:\/\/i0.wp.com\/sound-scribe.com\/wp-content\/uploads\/2025\/04\/metal-party-zbytiny_12.04.2025_dsc_6971.jpg?fit=1200%2C801&ssl=1&resize=525%2C300 1.5x, https:\/\/i0.wp.com\/sound-scribe.com\/wp-content\/uploads\/2025\/04\/metal-party-zbytiny_12.04.2025_dsc_6971.jpg?fit=1200%2C801&ssl=1&resize=700%2C400 2x, https:\/\/i0.wp.com\/sound-scribe.com\/wp-content\/uploads\/2025\/04\/metal-party-zbytiny_12.04.2025_dsc_6971.jpg?fit=1200%2C801&ssl=1&resize=1050%2C600 3x"},"classes":[]}],"_links":{"self":[{"href":"https:\/\/sound-scribe.com\/en\/wp-json\/wp\/v2\/posts\/2846","targetHints":{"allow":["GET"]}}],"collection":[{"href":"https:\/\/sound-scribe.com\/en\/wp-json\/wp\/v2\/posts"}],"about":[{"href":"https:\/\/sound-scribe.com\/en\/wp-json\/wp\/v2\/types\/post"}],"author":[{"embeddable":true,"href":"https:\/\/sound-scribe.com\/en\/wp-json\/wp\/v2\/users\/241323962"}],"replies":[{"embeddable":true,"href":"https:\/\/sound-scribe.com\/en\/wp-json\/wp\/v2\/comments?post=2846"}],"version-history":[{"count":25,"href":"https:\/\/sound-scribe.com\/en\/wp-json\/wp\/v2\/posts\/2846\/revisions"}],"predecessor-version":[{"id":2872,"href":"https:\/\/sound-scribe.com\/en\/wp-json\/wp\/v2\/posts\/2846\/revisions\/2872"}],"wp:attachment":[{"href":"https:\/\/sound-scribe.com\/en\/wp-json\/wp\/v2\/media?parent=2846"}],"wp:term":[{"taxonomy":"category","embeddable":true,"href":"https:\/\/sound-scribe.com\/en\/wp-json\/wp\/v2\/categories?post=2846"},{"taxonomy":"post_tag","embeddable":true,"href":"https:\/\/sound-scribe.com\/en\/wp-json\/wp\/v2\/tags?post=2846"}],"curies":[{"name":"wp","href":"https:\/\/api.w.org\/{rel}","templated":true}]}}