{"id":16508,"date":"2026-01-23T09:00:00","date_gmt":"2026-01-23T08:00:00","guid":{"rendered":"https:\/\/sound-scribe.com\/?p=16508"},"modified":"2026-01-21T14:10:51","modified_gmt":"2026-01-21T13:10:51","slug":"epica-amaranthe-vyrazi-na-spolecne-tourne-2026","status":"publish","type":"post","link":"https:\/\/sound-scribe.com\/en\/2026\/01\/23\/epica-amaranthe-vyrazi-na-spolecne-tourne-2026\/","title":{"rendered":"Epica &amp; Amaranthe to embark on joint spring tour, \"Arcane Dimensions Tour 2026\""},"content":{"rendered":"<p class=\"has-text-align-justify wp-block-paragraph\">Za\u010d\u00e1tkem roku 2026 spoj\u00ed sv\u00e9 s\u00edly pr\u016fkopn\u00edci symfonick\u00e9ho metalu <strong>Epica<\/strong> a metalov\u00ed <strong>Amaranthe<\/strong> a vyraz\u00ed na turn\u00e9 \u201eArcane Dimensions Tour\u201c, kter\u00e9 je zavede do 26 m\u011bst ve 13. zem\u00edch Evropy! Do Prahy, <strong>F\u00f3rum Karl\u00edn<\/strong>, doputuj\u00ed v sobotu 21. b\u0159ezna 2026!<\/p>\n\n\n\n<p class=\"wp-block-paragraph\">Vstupenky k dispozici: <a href=\"https:\/\/www.pragokoncert.com\/cs\/koncerty\/2026-epica-amaranthe\">https:\/\/www.pragokoncert.com\/cs\/koncerty\/2026-epica-amaranthe<\/a><\/p>\n\n\n\n<p class=\"has-text-align-justify wp-block-paragraph\">Holandsk\u00e1 <strong>Epica<\/strong> bude na turn\u00e9 p\u0159edstavovat sv\u00e9 nejnov\u011bj\u0161\u00ed album\u00a0\u201eAspiral\u201c, kter\u00e9 bylo kritikou ozna\u010deno za absolutn\u00ed mistrovskou t\u0159\u00eddu ve vypr\u00e1v\u011bn\u00ed p\u0159\u00edb\u011bh\u016f, v nad\u010dasov\u00fdch melodi\u00edch a ve velkoleposti. M\u016f\u017eete se tedy spolehnout na to, \u017ee Epica v\u00e1m p\u0159iveze dal\u0161\u00ed naprosto fascinuj\u00edc\u00ed novou live show! P\u0159ekr\u00e1sn\u00e1 <strong>Simone Simons<\/strong> se velmi t\u011b\u0161\u00ed, a\u017e v\u00e1m sv\u00e9 nov\u00e9 album p\u0159edstav\u00ed a s jistotou potvrd\u00ed, \u017ee pat\u0159\u00ed na vrchol metalov\u00e9 sc\u00e9ny!<\/p>\n\n\n\n<p class=\"has-text-align-justify wp-block-paragraph\"><strong>Amaranthe<\/strong>, zn\u00e1m\u00ed sv\u00fdmi chytlav\u00fdmi pop-metalov\u00fdmi skladbami a euforick\u00fdmi \u017eiv\u00fdmi koncerty, stoupaj\u00ed na \u017eeb\u0159\u00ed\u010dku obl\u00edbenosti hodn\u011b zprudka! Jejich nejnov\u011bj\u0161\u00ed album\u00a0\u201eThe Catalyst\u201c\u00a0p\u0159ineslo nejost\u0159ej\u0161\u00ed a nej\u0161pi\u010dkov\u011bj\u0161\u00ed prvky melodick\u00e9ho metalu a elektronick\u00e9ho rocku! Se t\u0159emi zp\u011bv\u00e1ky na p\u00f3diu, v\u00edce ne\u017e miliardou nashrom\u00e1\u017ed\u011bn\u00fdch stream\u016f a statis\u00edci prodan\u00fdmi alby po cel\u00e9m sv\u011bt\u011b Amaranthe dokazuj\u00ed, \u017ee jsou dokonal\u00fdmi mistry sv\u00e9ho oboru.<\/p>\n\n\n\n<p class=\"has-text-align-justify wp-block-paragraph\">K tomuto kombu se je\u0161t\u011b nav\u00edc p\u0159ipoj\u00ed velmi speci\u00e1ln\u00ed host, dal\u0161\u00ed zn\u00e1m\u00e1 a maxim\u00e1ln\u011b talentovan\u00e1 kr\u00e1ska se svou kapelou <strong>Charlotte Wessels\u2019 The Obsession<\/strong>. Tato Nizozemsk\u00e1 zp\u011bva\u010dka, skladatelka a b\u00fdval\u00e1 zp\u011bva\u010dka Delain ned\u00e1vno vydala sv\u00e9 prvn\u00ed s\u00f3lov\u00e9 album\u00a0\u201eThe Obsession\u201c,\u00a0a t\u011b\u0161\u00ed se, a\u017e v\u00e1m ho v\u0161em p\u0159edstav\u00ed na\u017eivo!\u00a0<\/p>\n\n\n\n<p class=\"has-text-align-justify wp-block-paragraph\">Toto turn\u00e9 se stane ud\u00e1lost\u00ed, kter\u00e1 ot\u0159ese symfonick\u00fdm metalov\u00fdm sv\u011btem, a vy byste u m\u011bli b\u00fdt tak\u00e9 u toho. <\/p>\n\n\n\n<figure class=\"wp-block-embed aligncenter is-type-video is-provider-youtube wp-block-embed-youtube wp-embed-aspect-16-9 wp-has-aspect-ratio\"><div class=\"wp-block-embed__wrapper\">\n<span class=\"embed-youtube\" style=\"text-align:center; display: block;\"><iframe loading=\"lazy\" class=\"youtube-player\" width=\"640\" height=\"360\" src=\"https:\/\/www.youtube.com\/embed\/RefS4bVX3iI?version=3&#038;rel=1&#038;showsearch=0&#038;showinfo=1&#038;iv_load_policy=1&#038;fs=1&#038;hl=en-US&#038;autohide=2&#038;wmode=transparent\" allowfullscreen=\"true\" style=\"border:0;\" sandbox=\"allow-scripts allow-same-origin allow-popups allow-presentation allow-popups-to-escape-sandbox\"><\/iframe><\/span>\n<\/div><\/figure>\n\n\n\n<figure class=\"wp-block-embed aligncenter is-type-video is-provider-youtube wp-block-embed-youtube wp-embed-aspect-16-9 wp-has-aspect-ratio\"><div class=\"wp-block-embed__wrapper\">\n<span class=\"embed-youtube\" style=\"text-align:center; display: block;\"><iframe loading=\"lazy\" class=\"youtube-player\" width=\"640\" height=\"360\" src=\"https:\/\/www.youtube.com\/embed\/ICgUdkLkYZ4?version=3&#038;rel=1&#038;showsearch=0&#038;showinfo=1&#038;iv_load_policy=1&#038;fs=1&#038;hl=en-US&#038;autohide=2&#038;wmode=transparent\" allowfullscreen=\"true\" style=\"border:0;\" sandbox=\"allow-scripts allow-same-origin allow-popups allow-presentation allow-popups-to-escape-sandbox\"><\/iframe><\/span>\n<\/div><\/figure>\n\n\n\n<figure class=\"wp-block-image aligncenter size-large\"><img data-recalc-dims=\"1\" loading=\"lazy\" decoding=\"async\" width=\"724\" height=\"1024\" data-attachment-id=\"16514\" data-permalink=\"https:\/\/sound-scribe.com\/en\/2026\/01\/23\/epica-amaranthe-vyrazi-na-spolecne-tourne-2026\/epica-amaranthe-poster-a3-new\/\" data-orig-file=\"https:\/\/i0.wp.com\/sound-scribe.com\/wp-content\/uploads\/2026\/01\/Epica-Amaranthe-poster-A4-new-web.jpg?fit=1323%2C1871&amp;ssl=1\" data-orig-size=\"1323,1871\" data-comments-opened=\"1\" data-image-meta=\"{&quot;aperture&quot;:&quot;0&quot;,&quot;credit&quot;:&quot;&quot;,&quot;camera&quot;:&quot;&quot;,&quot;caption&quot;:&quot;&quot;,&quot;created_timestamp&quot;:&quot;1765185164&quot;,&quot;copyright&quot;:&quot;&quot;,&quot;focal_length&quot;:&quot;0&quot;,&quot;iso&quot;:&quot;0&quot;,&quot;shutter_speed&quot;:&quot;0&quot;,&quot;title&quot;:&quot;Epica-Amaranthe-poster-A3-new&quot;,&quot;orientation&quot;:&quot;1&quot;}\" data-image-title=\"Epica-Amaranthe-poster-A3-new\" data-image-description=\"\" data-image-caption=\"\" data-large-file=\"https:\/\/i0.wp.com\/sound-scribe.com\/wp-content\/uploads\/2026\/01\/Epica-Amaranthe-poster-A4-new-web.jpg?fit=724%2C1024&amp;ssl=1\" src=\"https:\/\/i0.wp.com\/sound-scribe.com\/wp-content\/uploads\/2026\/01\/Epica-Amaranthe-poster-A4-new-web.jpg?resize=724%2C1024&#038;ssl=1\" alt=\"Plak\u00e1t pro koncert Epica a Amaranthe, Arcane Dimensions Tour, Praha, 21.3.2026, F\u00f3rum Karl\u00edn, s fantastick\u00fdm vesm\u00edrn\u00fdm pozad\u00edm.\" class=\"wp-image-16514\" srcset=\"https:\/\/i0.wp.com\/sound-scribe.com\/wp-content\/uploads\/2026\/01\/Epica-Amaranthe-poster-A4-new-web.jpg?resize=724%2C1024&amp;ssl=1 724w, https:\/\/i0.wp.com\/sound-scribe.com\/wp-content\/uploads\/2026\/01\/Epica-Amaranthe-poster-A4-new-web.jpg?resize=212%2C300&amp;ssl=1 212w, https:\/\/i0.wp.com\/sound-scribe.com\/wp-content\/uploads\/2026\/01\/Epica-Amaranthe-poster-A4-new-web.jpg?resize=768%2C1086&amp;ssl=1 768w, https:\/\/i0.wp.com\/sound-scribe.com\/wp-content\/uploads\/2026\/01\/Epica-Amaranthe-poster-A4-new-web.jpg?resize=1086%2C1536&amp;ssl=1 1086w, https:\/\/i0.wp.com\/sound-scribe.com\/wp-content\/uploads\/2026\/01\/Epica-Amaranthe-poster-A4-new-web.jpg?resize=1200%2C1697&amp;ssl=1 1200w, https:\/\/i0.wp.com\/sound-scribe.com\/wp-content\/uploads\/2026\/01\/Epica-Amaranthe-poster-A4-new-web.jpg?w=1323&amp;ssl=1 1323w\" sizes=\"auto, (max-width: 724px) 100vw, 724px\" \/><\/figure>","protected":false},"excerpt":{"rendered":"<p>In March 2026, Prague will host the Arcane Dimensions Tour featuring Epica, Amaranthe, and special guest Charlotte Wessels. Get ready for a fascinating metal experience!<\/p>","protected":false},"author":241323962,"featured_media":15542,"comment_status":"open","ping_status":"open","sticky":false,"template":"","format":"standard","meta":{"_crdt_document":"","site-sidebar-layout":"default","site-content-layout":"","ast-site-content-layout":"default","site-content-style":"default","site-sidebar-style":"default","ast-global-header-display":"","ast-banner-title-visibility":"","ast-main-header-display":"","ast-hfb-above-header-display":"","ast-hfb-below-header-display":"","ast-hfb-mobile-header-display":"","site-post-title":"","ast-breadcrumbs-content":"","ast-featured-img":"","footer-sml-layout":"","ast-disable-related-posts":"","theme-transparent-header-meta":"","adv-header-id-meta":"","stick-header-meta":"","header-above-stick-meta":"","header-main-stick-meta":"","header-below-stick-meta":"","astra-migrate-meta-layouts":"default","ast-page-background-enabled":"default","ast-page-background-meta":{"desktop":{"background-color":"var(--ast-global-color-5)","background-image":"","background-repeat":"repeat","background-position":"center center","background-size":"auto","background-attachment":"scroll","background-type":"","background-media":"","overlay-type":"","overlay-color":"","overlay-opacity":"","overlay-gradient":""},"tablet":{"background-color":"","background-image":"","background-repeat":"repeat","background-position":"center center","background-size":"auto","background-attachment":"scroll","background-type":"","background-media":"","overlay-type":"","overlay-color":"","overlay-opacity":"","overlay-gradient":""},"mobile":{"background-color":"","background-image":"","background-repeat":"repeat","background-position":"center center","background-size":"auto","background-attachment":"scroll","background-type":"","background-media":"","overlay-type":"","overlay-color":"","overlay-opacity":"","overlay-gradient":""}},"ast-content-background-meta":{"desktop":{"background-color":"var(--ast-global-color-4)","background-image":"","background-repeat":"repeat","background-position":"center center","background-size":"auto","background-attachment":"scroll","background-type":"","background-media":"","overlay-type":"","overlay-color":"","overlay-opacity":"","overlay-gradient":""},"tablet":{"background-color":"var(--ast-global-color-4)","background-image":"","background-repeat":"repeat","background-position":"center center","background-size":"auto","background-attachment":"scroll","background-type":"","background-media":"","overlay-type":"","overlay-color":"","overlay-opacity":"","overlay-gradient":""},"mobile":{"background-color":"var(--ast-global-color-4)","background-image":"","background-repeat":"repeat","background-position":"center center","background-size":"auto","background-attachment":"scroll","background-type":"","background-media":"","overlay-type":"","overlay-color":"","overlay-opacity":"","overlay-gradient":""}},"advanced_seo_description":"Za\u017eijte symfonick\u00fd ve\u010der s Epica a Amaranthe 21. b\u0159ezna 2026 v Praze! Nenechte si uj\u00edt \"Arcane Dimensions Tour\" pln\u00e9 magie a melodie.","jetpack_seo_html_title":"Epica a Amaranthe: Arcane Dimensions Tour v Praze 2026","jetpack_seo_noindex":false,"_jetpack_newsletter_access":"","_jetpack_dont_email_post_to_subs":false,"_jetpack_newsletter_tier_id":0,"_jetpack_memberships_contains_paywalled_content":false,"_jetpack_memberships_contains_paid_content":false,"footnotes":"","jetpack_publicize_message":"Za\u017eijte symfonick\u00fd ve\u010der s Epica a Amaranthe 21. b\u0159ezna 2026 v Praze! Nenechte si uj\u00edt \"Arcane Dimensions Tour\" pln\u00e9 magie a melodie.","jetpack_publicize_feature_enabled":true,"jetpack_social_post_already_shared":true,"jetpack_social_options":{"image_generator_settings":{"template":"highway","default_image_id":0,"font":"","enabled":true,"token":"eyJpbWciOiJodHRwczpcL1wvaTAud3AuY29tXC9zb3VuZC1zY3JpYmUuY29tXC93cC1jb250ZW50XC91cGxvYWRzXC8yMDI1XC8wOVwvZXBpY2FfcHJhaGFfa2FybGluXzI2LmpwZz9maXQ9MTAyNCUyQzUzNCZzc2w9MSIsInR4dCI6IkVwaWNhICZhbXA7IEFtYXJhbnRoZSB2eXJhelx1MDBlZCBuYSBzcG9sZVx1MDEwZG5cdTAwZTkgamFyblx1MDBlZCB0dXJuXHUwMGU5IFx1MjAxZUFyY2FuZSBEaW1lbnNpb25zIFRvdXIgMjAyNlx1MjAxYyIsInRlbXBsYXRlIjoiaGlnaHdheSIsImZvbnQiOiIiLCJibG9nX2lkIjoyMjQ3NDYwMDh9.vU7OZgLfVEU4B6x6a9ItRgeIWOdCESoSERpBk-UyP7YMQ"},"version":2},"_wpas_customize_per_network":false,"jetpack_post_was_ever_published":false},"categories":[43050363],"tags":[3345586,16284671,7465201,339185,1721,1393,150003204,82127,146029],"class_list":["post-16508","post","type-post","status-publish","format-standard","has-post-thumbnail","hentry","category-show-alerts","tag-3345586","tag-amaranthe","tag-charlotte-wessels","tag-epica","tag-live-show","tag-metal","tag-pragokoncert","tag-praha","tag-symphonic-metal"],"jetpack_publicize_connections":[],"jetpack_featured_media_url":"https:\/\/i0.wp.com\/sound-scribe.com\/wp-content\/uploads\/2025\/09\/epica_praha_karlin_26.jpg?fit=2048%2C1067&ssl=1","jetpack_likes_enabled":true,"jetpack_sharing_enabled":true,"jetpack_shortlink":"https:\/\/wp.me\/pfd0HC-4ig","jetpack-related-posts":[{"id":18704,"url":"https:\/\/sound-scribe.com\/en\/2026\/03\/26\/epica-a-amaranthe-privezli-do-prazskeho-fora-karlin-symfonickou-show\/","url_meta":{"origin":16508,"position":0},"title":"Epica and Amaranthe brought a symphonic show to Prague\u2019s Forum Karl\u00edn","author":"Kerry Lynx","date":"26 March 2026","format":false,"excerpt":"The concert at Forum Karl\u00edn in Prague featured performances by Epica, Amaranthe, and Charlotte Wessels. The audience was treated to powerful performances. Overall, the atmosphere was fantastic.","rel":"","context":"In &quot;Live Loud&quot;","block_context":{"text":"Live Loud","link":"https:\/\/sound-scribe.com\/en\/category\/live-loud\/"},"img":{"alt_text":"","src":"https:\/\/i0.wp.com\/sound-scribe.com\/wp-content\/uploads\/2026\/03\/Epica__5.jpg?fit=1200%2C801&ssl=1&resize=350%2C200","width":350,"height":200,"srcset":"https:\/\/i0.wp.com\/sound-scribe.com\/wp-content\/uploads\/2026\/03\/Epica__5.jpg?fit=1200%2C801&ssl=1&resize=350%2C200 1x, https:\/\/i0.wp.com\/sound-scribe.com\/wp-content\/uploads\/2026\/03\/Epica__5.jpg?fit=1200%2C801&ssl=1&resize=525%2C300 1.5x, https:\/\/i0.wp.com\/sound-scribe.com\/wp-content\/uploads\/2026\/03\/Epica__5.jpg?fit=1200%2C801&ssl=1&resize=700%2C400 2x, https:\/\/i0.wp.com\/sound-scribe.com\/wp-content\/uploads\/2026\/03\/Epica__5.jpg?fit=1200%2C801&ssl=1&resize=1050%2C600 3x"},"classes":[]},{"id":17830,"url":"https:\/\/sound-scribe.com\/en\/2026\/02\/27\/lord-of-the-lost-vyrazi-na-jare-2026-s-novymi-alby-na-evropske-turne\/","url_meta":{"origin":16508,"position":1},"title":"Lord of the Lost will embark on a European tour in spring 2026 with new albums","author":"Kerry Lynx","date":"27 February 2026","format":false,"excerpt":"LORD OF THE LOST announced their European tour \"TOVR NOIR\" with a new album in May 2026 in Prague. The concerts will feature new songs as well as older hits. After the tour, they plan to take a break for creative projects.","rel":"","context":"In &quot;Show Alerts&quot;","block_context":{"text":"Show Alerts","link":"https:\/\/sound-scribe.com\/en\/category\/show-alerts\/"},"img":{"alt_text":"","src":"https:\/\/i0.wp.com\/sound-scribe.com\/wp-content\/uploads\/2025\/09\/lord_of_the_lost_praha_roxy_26.jpg?fit=1200%2C625&ssl=1&resize=350%2C200","width":350,"height":200,"srcset":"https:\/\/i0.wp.com\/sound-scribe.com\/wp-content\/uploads\/2025\/09\/lord_of_the_lost_praha_roxy_26.jpg?fit=1200%2C625&ssl=1&resize=350%2C200 1x, https:\/\/i0.wp.com\/sound-scribe.com\/wp-content\/uploads\/2025\/09\/lord_of_the_lost_praha_roxy_26.jpg?fit=1200%2C625&ssl=1&resize=525%2C300 1.5x, https:\/\/i0.wp.com\/sound-scribe.com\/wp-content\/uploads\/2025\/09\/lord_of_the_lost_praha_roxy_26.jpg?fit=1200%2C625&ssl=1&resize=700%2C400 2x, https:\/\/i0.wp.com\/sound-scribe.com\/wp-content\/uploads\/2025\/09\/lord_of_the_lost_praha_roxy_26.jpg?fit=1200%2C625&ssl=1&resize=1050%2C600 3x"},"classes":[]},{"id":15303,"url":"https:\/\/sound-scribe.com\/en\/2025\/12\/03\/panoptiko-vyrazi-na-turne-noc-v-opere\/","url_meta":{"origin":16508,"position":2},"title":"PANOPTIKO vyr\u00e1\u017e\u00ed na turn\u00e9 \u201eNoc v Ope\u0159e\u201c","author":"LeMa","date":"3 December 2025","format":false,"excerpt":"Kapela Panoptiko oznamuje turn\u00e9 \"NOC V OPE\u0158E\", kde p\u0159edstav\u00ed album \"Nirv\u00e1na\". Prvn\u00ed koncert 24. ledna 2025 v Praze je vyprod\u00e1n, dal\u0161\u00ed vystoupen\u00ed budou n\u00e1sledovat v n\u011bkolika m\u011bstech.","rel":"","context":"In &quot;Show Alerts&quot;","block_context":{"text":"Show Alerts","link":"https:\/\/sound-scribe.com\/en\/category\/show-alerts\/"},"img":{"alt_text":"","src":"https:\/\/i0.wp.com\/sound-scribe.com\/wp-content\/uploads\/2025\/12\/1375893-800.jpg?fit=1200%2C804&ssl=1&resize=350%2C200","width":350,"height":200,"srcset":"https:\/\/i0.wp.com\/sound-scribe.com\/wp-content\/uploads\/2025\/12\/1375893-800.jpg?fit=1200%2C804&ssl=1&resize=350%2C200 1x, https:\/\/i0.wp.com\/sound-scribe.com\/wp-content\/uploads\/2025\/12\/1375893-800.jpg?fit=1200%2C804&ssl=1&resize=525%2C300 1.5x, https:\/\/i0.wp.com\/sound-scribe.com\/wp-content\/uploads\/2025\/12\/1375893-800.jpg?fit=1200%2C804&ssl=1&resize=700%2C400 2x, https:\/\/i0.wp.com\/sound-scribe.com\/wp-content\/uploads\/2025\/12\/1375893-800.jpg?fit=1200%2C804&ssl=1&resize=1050%2C600 3x"},"classes":[]},{"id":16870,"url":"https:\/\/sound-scribe.com\/en\/2026\/01\/28\/axel-rudi-pell-vyrazi-na-evropske-turne\/","url_meta":{"origin":16508,"position":3},"title":"Axel Rudi Pell will embark on a European tour in spring 2026","author":"Kerry Lynx","date":"28 January 2026","format":false,"excerpt":"Axel Rudi Pell will release a new album in 2026 and present it live in Zl\u00edn on March 28. Come and join us to create a great atmosphere.","rel":"","context":"In &quot;Show Alerts&quot;","block_context":{"text":"Show Alerts","link":"https:\/\/sound-scribe.com\/en\/category\/show-alerts\/"},"img":{"alt_text":"","src":"https:\/\/i0.wp.com\/sound-scribe.com\/wp-content\/uploads\/2025\/12\/ARP-2223x1158-web.jpg?fit=1200%2C625&ssl=1&resize=350%2C200","width":350,"height":200,"srcset":"https:\/\/i0.wp.com\/sound-scribe.com\/wp-content\/uploads\/2025\/12\/ARP-2223x1158-web.jpg?fit=1200%2C625&ssl=1&resize=350%2C200 1x, https:\/\/i0.wp.com\/sound-scribe.com\/wp-content\/uploads\/2025\/12\/ARP-2223x1158-web.jpg?fit=1200%2C625&ssl=1&resize=525%2C300 1.5x, https:\/\/i0.wp.com\/sound-scribe.com\/wp-content\/uploads\/2025\/12\/ARP-2223x1158-web.jpg?fit=1200%2C625&ssl=1&resize=700%2C400 2x, https:\/\/i0.wp.com\/sound-scribe.com\/wp-content\/uploads\/2025\/12\/ARP-2223x1158-web.jpg?fit=1200%2C625&ssl=1&resize=1050%2C600 3x"},"classes":[]},{"id":17819,"url":"https:\/\/sound-scribe.com\/en\/2026\/02\/26\/vrazedna-tajemstvi-se-skynd-v-praze\/","url_meta":{"origin":16508,"position":4},"title":"Murder Mysteries with Skynd in Prague","author":"Kerry Lynx","date":"26 February 2026","format":false,"excerpt":"The dark rock band Skynd is embarking on its most ambitious tour yet. They will also be stopping in Prague on April 28. Don't miss this musical crime thriller and buy your tickets now.","rel":"","context":"In &quot;Show Alerts&quot;","block_context":{"text":"Show Alerts","link":"https:\/\/sound-scribe.com\/en\/category\/show-alerts\/"},"img":{"alt_text":"","src":"https:\/\/i0.wp.com\/sound-scribe.com\/wp-content\/uploads\/2025\/09\/skynd_praha_roxy_26.jpg?fit=1200%2C628&ssl=1&resize=350%2C200","width":350,"height":200,"srcset":"https:\/\/i0.wp.com\/sound-scribe.com\/wp-content\/uploads\/2025\/09\/skynd_praha_roxy_26.jpg?fit=1200%2C628&ssl=1&resize=350%2C200 1x, https:\/\/i0.wp.com\/sound-scribe.com\/wp-content\/uploads\/2025\/09\/skynd_praha_roxy_26.jpg?fit=1200%2C628&ssl=1&resize=525%2C300 1.5x, https:\/\/i0.wp.com\/sound-scribe.com\/wp-content\/uploads\/2025\/09\/skynd_praha_roxy_26.jpg?fit=1200%2C628&ssl=1&resize=700%2C400 2x, https:\/\/i0.wp.com\/sound-scribe.com\/wp-content\/uploads\/2025\/09\/skynd_praha_roxy_26.jpg?fit=1200%2C628&ssl=1&resize=1050%2C600 3x"},"classes":[]},{"id":16793,"url":"https:\/\/sound-scribe.com\/en\/2026\/01\/27\/die-happy-live-v-breznu-v-praze\/","url_meta":{"origin":16508,"position":5},"title":"Die Happy live in March in Prague","author":"Kerry Lynx","date":"27 January 2026","format":false,"excerpt":"Die Happy with Marta Jandov\u00e1 announce a tour in spring 2026, with a concert in Prague on March 25. The tour, entitled \"Empathy is not weakness,\" aims to strengthen solidarity and courage for music.","rel":"","context":"In &quot;Show Alerts&quot;","block_context":{"text":"Show Alerts","link":"https:\/\/sound-scribe.com\/en\/category\/show-alerts\/"},"img":{"alt_text":"","src":"https:\/\/i0.wp.com\/sound-scribe.com\/wp-content\/uploads\/2025\/09\/die_happy_praha_26.jpg?fit=1200%2C625&ssl=1&resize=350%2C200","width":350,"height":200,"srcset":"https:\/\/i0.wp.com\/sound-scribe.com\/wp-content\/uploads\/2025\/09\/die_happy_praha_26.jpg?fit=1200%2C625&ssl=1&resize=350%2C200 1x, https:\/\/i0.wp.com\/sound-scribe.com\/wp-content\/uploads\/2025\/09\/die_happy_praha_26.jpg?fit=1200%2C625&ssl=1&resize=525%2C300 1.5x, https:\/\/i0.wp.com\/sound-scribe.com\/wp-content\/uploads\/2025\/09\/die_happy_praha_26.jpg?fit=1200%2C625&ssl=1&resize=700%2C400 2x, https:\/\/i0.wp.com\/sound-scribe.com\/wp-content\/uploads\/2025\/09\/die_happy_praha_26.jpg?fit=1200%2C625&ssl=1&resize=1050%2C600 3x"},"classes":[]}],"_links":{"self":[{"href":"https:\/\/sound-scribe.com\/en\/wp-json\/wp\/v2\/posts\/16508","targetHints":{"allow":["GET"]}}],"collection":[{"href":"https:\/\/sound-scribe.com\/en\/wp-json\/wp\/v2\/posts"}],"about":[{"href":"https:\/\/sound-scribe.com\/en\/wp-json\/wp\/v2\/types\/post"}],"author":[{"embeddable":true,"href":"https:\/\/sound-scribe.com\/en\/wp-json\/wp\/v2\/users\/241323962"}],"replies":[{"embeddable":true,"href":"https:\/\/sound-scribe.com\/en\/wp-json\/wp\/v2\/comments?post=16508"}],"version-history":[{"count":4,"href":"https:\/\/sound-scribe.com\/en\/wp-json\/wp\/v2\/posts\/16508\/revisions"}],"predecessor-version":[{"id":16622,"href":"https:\/\/sound-scribe.com\/en\/wp-json\/wp\/v2\/posts\/16508\/revisions\/16622"}],"wp:featuredmedia":[{"embeddable":true,"href":"https:\/\/sound-scribe.com\/en\/wp-json\/wp\/v2\/media\/15542"}],"wp:attachment":[{"href":"https:\/\/sound-scribe.com\/en\/wp-json\/wp\/v2\/media?parent=16508"}],"wp:term":[{"taxonomy":"category","embeddable":true,"href":"https:\/\/sound-scribe.com\/en\/wp-json\/wp\/v2\/categories?post=16508"},{"taxonomy":"post_tag","embeddable":true,"href":"https:\/\/sound-scribe.com\/en\/wp-json\/wp\/v2\/tags?post=16508"}],"curies":[{"name":"wp","href":"https:\/\/api.w.org\/{rel}","templated":true}]}}