{"id":15657,"date":"2025-12-20T09:00:00","date_gmt":"2025-12-20T08:00:00","guid":{"rendered":"https:\/\/sound-scribe.com\/?p=15657"},"modified":"2025-12-16T09:42:44","modified_gmt":"2025-12-16T08:42:44","slug":"goticka-noc-s-motionless-in-white","status":"publish","type":"post","link":"https:\/\/sound-scribe.com\/en\/2025\/12\/20\/goticka-noc-s-motionless-in-white\/","title":{"rendered":"Gotick\u00e1 noc s Motionless in White po roce znovu v Praze"},"content":{"rendered":"<p class=\"has-text-align-justify wp-block-paragraph\">Syrov\u00fd metalcore s prvky gothic a industrial metalu s v\u00fdrazn\u00fdm temn\u00fdm vizu\u00e1lem &#8211; to jsou <strong>Motionless in White<\/strong>! Ti se 22. \u00fanora 2026 po roce vr\u00e1t\u00ed do Prahy a tentokr\u00e1t vezmou \u00fatokem Forum Karl\u00edn! Spole\u010dn\u011b s nimi vystoup\u00ed hned dv\u011b v\u011bhlasn\u00e1 jm\u00e9na &#8211; kalifornsk\u00e1 post-hardcorov\u00e1 \u010dtve\u0159ice <strong>Dayseeker <\/strong>a australsk\u00e1 metalcorov\u00e1 ml\u00e1ti\u010dka <strong>Make Them Suffer<\/strong>!<\/p>\n\n\n\n<p class=\"wp-block-paragraph\">Vstupenky k dispozici: <a href=\"https:\/\/obscure.cz\/cs\/tickets\/detail\/id\/921\">https:\/\/obscure.cz\/cs\/tickets\/detail\/id\/921<\/a><\/p>\n\n\n\n<p class=\"has-text-align-justify wp-block-paragraph\"><strong>Motionless in White<\/strong> vznikli v roce 2005 v americk\u00e9m st\u00e1t\u011b Pensylv\u00e1nie a prakticky od za\u010d\u00e1tku si budovali silnou fanou\u0161kovskou z\u00e1kladnu nejen v rodn\u00e9 Americe, ale tak\u00e9 po cel\u00e9m sv\u011bt\u011b, a to zejm\u00e9na d\u00edky sv\u00e9 syrov\u00e9 energii, temn\u00e9mu vizu\u00e1lu a v\u00fdrazn\u00fdm propojen\u00edm metalov\u00e9 tvrdosti s industri\u00e1ln\u00edmi a gotick\u00fdmi prvky. Jejich tvorbu charakterizuje nezam\u011bniteln\u00fd zvuk, v n\u011bm\u017e se st\u0159\u00eddaj\u00ed drtiv\u00e9 riffy, elektronick\u00e9 pas\u00e1\u017ee a chytlav\u00e9 refr\u00e9ny. Frontman <strong>Chris Motionless<\/strong> je zn\u00e1m\u00fd sv\u00fdm charismatem a schopnost\u00ed m\u011bnit emoce ve strhuj\u00edc\u00ed texty.<\/p>\n\n\n\n<p class=\"has-text-align-justify wp-block-paragraph\">V pr\u016fb\u011bhu let se <strong>Motionless in White<\/strong> posunuli od syrov\u00e9ho metalcoru k vysp\u011blej\u0161\u00ed a rozmanit\u011bj\u0161\u00ed tvorb\u011b. Alba jako &#8222;Reincarnate&#8220;, &#8222;Disguise&#8220; nebo &#8222;Scoring the End of the World&#8220; dokazuj\u00ed, \u017ee kapela neust\u00e1le hled\u00e1 nov\u00e9 cesty, jak kombinovat temnou estetiku s modern\u00edm metalov\u00fdm zvukem. Spolupr\u00e1ce s interprety nap\u0159\u00ed\u010d \u017e\u00e1nry a schopnost p\u0159ekra\u010dovat hranice mezi metalem, elektronikou a industrial rockem ji stav\u00ed na \u0161pici modern\u00ed alternativn\u00ed sc\u00e9ny.<\/p>\n\n\n\n<p class=\"has-text-align-justify wp-block-paragraph\">Na\u017eivo jsou <strong>Motionless in White<\/strong> nezapomenuteln\u00fdm z\u00e1\u017eitkem \u2013 temn\u00e1 atmosf\u00e9ra, dokonal\u00fd vizu\u00e1l a drtiv\u00e1 s\u00edla hudby vytv\u00e1\u0159ej\u00ed koncert, kter\u00fd fanou\u0161ky doslova pohlt\u00ed. A\u0165 u\u017e jste dlouholet\u00fd poslucha\u010d, nebo objevujete kapelu poprv\u00e9, jedno je jist\u00e9: s <strong>Motionless in White<\/strong> v\u00e1s \u010dek\u00e1 intenzivn\u00ed hudebn\u00ed j\u00edzda pln\u00e1 emoc\u00ed, energie a temnoty.<\/p>\n\n\n\n<figure class=\"wp-block-embed is-type-video is-provider-youtube wp-block-embed-youtube wp-embed-aspect-16-9 wp-has-aspect-ratio\"><div class=\"wp-block-embed__wrapper\">\n<span class=\"embed-youtube\" style=\"text-align:center; display: block;\"><iframe loading=\"lazy\" class=\"youtube-player\" width=\"640\" height=\"360\" src=\"https:\/\/www.youtube.com\/embed\/pNeim8mpLQ4?version=3&#038;rel=1&#038;showsearch=0&#038;showinfo=1&#038;iv_load_policy=1&#038;fs=1&#038;hl=en-US&#038;autohide=2&#038;wmode=transparent\" allowfullscreen=\"true\" style=\"border:0;\" sandbox=\"allow-scripts allow-same-origin allow-popups allow-presentation allow-popups-to-escape-sandbox\"><\/iframe><\/span>\n<\/div><\/figure>","protected":false},"excerpt":{"rendered":"<p>Motionless in White, metalcore kapela s gothic a industrial prvky, se vr\u00e1t\u00ed do Prahy 22. \u00fanora 2026. Vystoup\u00ed s Dayseeker a Make Them Suffer. Vstupenky jsou dostupn\u00e9.<\/p>","protected":false},"author":241323962,"featured_media":15676,"comment_status":"open","ping_status":"open","sticky":false,"template":"","format":"standard","meta":{"_crdt_document":"","site-sidebar-layout":"default","site-content-layout":"","ast-site-content-layout":"default","site-content-style":"default","site-sidebar-style":"default","ast-global-header-display":"","ast-banner-title-visibility":"","ast-main-header-display":"","ast-hfb-above-header-display":"","ast-hfb-below-header-display":"","ast-hfb-mobile-header-display":"","site-post-title":"","ast-breadcrumbs-content":"","ast-featured-img":"","footer-sml-layout":"","ast-disable-related-posts":"","theme-transparent-header-meta":"","adv-header-id-meta":"","stick-header-meta":"","header-above-stick-meta":"","header-main-stick-meta":"","header-below-stick-meta":"","astra-migrate-meta-layouts":"default","ast-page-background-enabled":"default","ast-page-background-meta":{"desktop":{"background-color":"var(--ast-global-color-5)","background-image":"","background-repeat":"repeat","background-position":"center center","background-size":"auto","background-attachment":"scroll","background-type":"","background-media":"","overlay-type":"","overlay-color":"","overlay-opacity":"","overlay-gradient":""},"tablet":{"background-color":"","background-image":"","background-repeat":"repeat","background-position":"center center","background-size":"auto","background-attachment":"scroll","background-type":"","background-media":"","overlay-type":"","overlay-color":"","overlay-opacity":"","overlay-gradient":""},"mobile":{"background-color":"","background-image":"","background-repeat":"repeat","background-position":"center center","background-size":"auto","background-attachment":"scroll","background-type":"","background-media":"","overlay-type":"","overlay-color":"","overlay-opacity":"","overlay-gradient":""}},"ast-content-background-meta":{"desktop":{"background-color":"var(--ast-global-color-4)","background-image":"","background-repeat":"repeat","background-position":"center center","background-size":"auto","background-attachment":"scroll","background-type":"","background-media":"","overlay-type":"","overlay-color":"","overlay-opacity":"","overlay-gradient":""},"tablet":{"background-color":"var(--ast-global-color-4)","background-image":"","background-repeat":"repeat","background-position":"center center","background-size":"auto","background-attachment":"scroll","background-type":"","background-media":"","overlay-type":"","overlay-color":"","overlay-opacity":"","overlay-gradient":""},"mobile":{"background-color":"var(--ast-global-color-4)","background-image":"","background-repeat":"repeat","background-position":"center center","background-size":"auto","background-attachment":"scroll","background-type":"","background-media":"","overlay-type":"","overlay-color":"","overlay-opacity":"","overlay-gradient":""}},"advanced_seo_description":"Motionless in White se vrac\u00ed do Prahy s hosty Dayseeker a Make Them Suffer! P\u0159ipojte se 22. \u00fanora 2026 ve Forum Karl\u00edn na nezapomenuteln\u00fd metalov\u00fd z\u00e1\u017eitek!","jetpack_seo_html_title":"Motionless in White a Dayseeker: Koncert v Praze 2026","jetpack_seo_noindex":false,"_jetpack_newsletter_access":"","_jetpack_dont_email_post_to_subs":false,"_jetpack_newsletter_tier_id":0,"_jetpack_memberships_contains_paywalled_content":false,"_jetpack_memberships_contains_paid_content":false,"footnotes":"","jetpack_publicize_message":"Motionless in White se vrac\u00ed do Prahy s hosty Dayseeker a Make Them Suffer! P\u0159ipojte se 22. \u00fanora 2026 ve Forum Karl\u00edn na nezapomenuteln\u00fd metalov\u00fd z\u00e1\u017eitek!","jetpack_publicize_feature_enabled":true,"jetpack_social_post_already_shared":true,"jetpack_social_options":{"image_generator_settings":{"template":"highway","default_image_id":0,"font":"","enabled":true,"token":"eyJpbWciOiJodHRwczpcL1wvaTAud3AuY29tXC9zb3VuZC1zY3JpYmUuY29tXC93cC1jb250ZW50XC91cGxvYWRzXC8yMDI1XC8xMlwvbW90aW9ubGVzc19pbl93aGl0ZV9wcmFoYV9mb3J1bV8yNl83MC5qcGc_Zml0PTEwMjQlMkM1NzYmc3NsPTEiLCJ0eHQiOiJHb3RpY2tcdTAwZTEgbm9jIHMgTW90aW9ubGVzcyBpbiBXaGl0ZSBwbyByb2NlIHpub3Z1IHYgUHJhemUiLCJ0ZW1wbGF0ZSI6ImhpZ2h3YXkiLCJmb250IjoiIiwiYmxvZ19pZCI6MjI0NzQ2MDA4fQ.-IXaMd8yN9qMU5cMYDEAW-m6AY9dLbGGygkmV8DCNm0MQ"},"version":2},"_wpas_customize_per_network":false,"jetpack_post_was_ever_published":false},"categories":[43050363],"tags":[3345586,783828233,783828150,1721,783828234,1393,121118,783828232,663065226,82127],"class_list":["post-15657","post","type-post","status-publish","format-standard","has-post-thumbnail","hentry","category-show-alerts","tag-3345586","tag-dayseeker","tag-gothic-metal","tag-live-show","tag-make-them-suffer","tag-metal","tag-metalcore","tag-motionless-in-white","tag-obscure-promotion","tag-praha"],"jetpack_publicize_connections":[],"jetpack_featured_media_url":"https:\/\/i0.wp.com\/sound-scribe.com\/wp-content\/uploads\/2025\/12\/motionless_in_white_praha_forum_26_70.jpg?fit=1600%2C900&ssl=1","jetpack_likes_enabled":true,"jetpack_sharing_enabled":true,"jetpack_shortlink":"https:\/\/wp.me\/pfd0HC-44x","jetpack-related-posts":[{"id":17681,"url":"https:\/\/sound-scribe.com\/en\/2026\/02\/24\/motionless-in-white-v-praze-temnota-ohen-a-goticka-elegance\/","url_meta":{"origin":15657,"position":0},"title":"Motionless In White in Prague: darkness, fire, and gothic elegance","author":"LeMa","date":"24 February 2026","format":false,"excerpt":"On February 22, 2026, Forum Karl\u00edn in Prague hosted an exceptional concert by Motionless In White, which gave the audience an unforgettable experience thanks to its precise production, energetic music, and creative style.","rel":"","context":"In &quot;Live Loud&quot;","block_context":{"text":"Live Loud","link":"https:\/\/sound-scribe.com\/en\/category\/live-loud\/"},"img":{"alt_text":"","src":"https:\/\/i0.wp.com\/sound-scribe.com\/wp-content\/uploads\/2026\/02\/MOTIONLESS-IN-WHITE_22.02.2026_DSC_6890-1.jpg?fit=1200%2C801&ssl=1&resize=350%2C200","width":350,"height":200,"srcset":"https:\/\/i0.wp.com\/sound-scribe.com\/wp-content\/uploads\/2026\/02\/MOTIONLESS-IN-WHITE_22.02.2026_DSC_6890-1.jpg?fit=1200%2C801&ssl=1&resize=350%2C200 1x, https:\/\/i0.wp.com\/sound-scribe.com\/wp-content\/uploads\/2026\/02\/MOTIONLESS-IN-WHITE_22.02.2026_DSC_6890-1.jpg?fit=1200%2C801&ssl=1&resize=525%2C300 1.5x, https:\/\/i0.wp.com\/sound-scribe.com\/wp-content\/uploads\/2026\/02\/MOTIONLESS-IN-WHITE_22.02.2026_DSC_6890-1.jpg?fit=1200%2C801&ssl=1&resize=700%2C400 2x, https:\/\/i0.wp.com\/sound-scribe.com\/wp-content\/uploads\/2026\/02\/MOTIONLESS-IN-WHITE_22.02.2026_DSC_6890-1.jpg?fit=1200%2C801&ssl=1&resize=1050%2C600 3x"},"classes":[]},{"id":13638,"url":"https:\/\/sound-scribe.com\/en\/2025\/10\/10\/svedsky-metalcore-aviana-v-praze\/","url_meta":{"origin":15657,"position":1},"title":"\u0160v\u00e9dsk\u00fd metalcore Aviana v Praze","author":"Kerry Lynx","date":"10 October 2025","format":false,"excerpt":"\u0160v\u00e9dsk\u00e1 kapela Aviana vystoup\u00ed 21. listopadu v Praze s nov\u00fdm singlem \"STORM ABLAZE\" a podpo\u0159\u00ed je Gloom In The Corner, Diamond Construct a Atena. Vstupenky jsou dostupn\u00e9 na GoOut.","rel":"","context":"In &quot;Show Alerts&quot;","block_context":{"text":"Show Alerts","link":"https:\/\/sound-scribe.com\/en\/category\/show-alerts\/"},"img":{"alt_text":"","src":"https:\/\/i0.wp.com\/sound-scribe.com\/wp-content\/uploads\/2025\/10\/aviana_prague_fuchs2_25.jpg?fit=1200%2C675&ssl=1&resize=350%2C200","width":350,"height":200,"srcset":"https:\/\/i0.wp.com\/sound-scribe.com\/wp-content\/uploads\/2025\/10\/aviana_prague_fuchs2_25.jpg?fit=1200%2C675&ssl=1&resize=350%2C200 1x, https:\/\/i0.wp.com\/sound-scribe.com\/wp-content\/uploads\/2025\/10\/aviana_prague_fuchs2_25.jpg?fit=1200%2C675&ssl=1&resize=525%2C300 1.5x, https:\/\/i0.wp.com\/sound-scribe.com\/wp-content\/uploads\/2025\/10\/aviana_prague_fuchs2_25.jpg?fit=1200%2C675&ssl=1&resize=700%2C400 2x, https:\/\/i0.wp.com\/sound-scribe.com\/wp-content\/uploads\/2025\/10\/aviana_prague_fuchs2_25.jpg?fit=1200%2C675&ssl=1&resize=1050%2C600 3x"},"classes":[]},{"id":18358,"url":"https:\/\/sound-scribe.com\/en\/2026\/03\/23\/ocean-sleeper-moderni-metalcore-v-praze-2026\/","url_meta":{"origin":15657,"position":2},"title":"Ocean Sleeper: Modern\u00ed metalcore v Praze 2026","author":"Kerry Lynx","date":"23 March 2026","format":false,"excerpt":"Ocean Sleeper, australsk\u00e1 metalcorov\u00e1 kapela, hraj\u00edc\u00ed energick\u00e9 riffy a scream, vystoup\u00ed 26. \u010dervna 2026 v pra\u017esk\u00e9m klubu Caf\u00e9 V lese. Vstupenky jsou v prodeji.","rel":"","context":"In &quot;Show Alerts&quot;","block_context":{"text":"Show Alerts","link":"https:\/\/sound-scribe.com\/en\/category\/show-alerts\/"},"img":{"alt_text":"","src":"https:\/\/i0.wp.com\/sound-scribe.com\/wp-content\/uploads\/2026\/03\/ocean_sleeper_praha_v_lese_26.jpg?fit=1200%2C527&ssl=1&resize=350%2C200","width":350,"height":200,"srcset":"https:\/\/i0.wp.com\/sound-scribe.com\/wp-content\/uploads\/2026\/03\/ocean_sleeper_praha_v_lese_26.jpg?fit=1200%2C527&ssl=1&resize=350%2C200 1x, https:\/\/i0.wp.com\/sound-scribe.com\/wp-content\/uploads\/2026\/03\/ocean_sleeper_praha_v_lese_26.jpg?fit=1200%2C527&ssl=1&resize=525%2C300 1.5x, https:\/\/i0.wp.com\/sound-scribe.com\/wp-content\/uploads\/2026\/03\/ocean_sleeper_praha_v_lese_26.jpg?fit=1200%2C527&ssl=1&resize=700%2C400 2x, https:\/\/i0.wp.com\/sound-scribe.com\/wp-content\/uploads\/2026\/03\/ocean_sleeper_praha_v_lese_26.jpg?fit=1200%2C527&ssl=1&resize=1050%2C600 3x"},"classes":[]},{"id":15652,"url":"https:\/\/sound-scribe.com\/en\/2025\/12\/19\/sleep-theory-prijede-do-prahy\/","url_meta":{"origin":15657,"position":3},"title":"Nejv\u011bt\u0161\u00ed objev na metalov\u00e9 sc\u00e9n\u011b, Sleep Theory, p\u0159ijede do Prahy","author":"Kerry Lynx","date":"19 December 2025","format":false,"excerpt":"Sleep Theory, energick\u00e1 rockov\u00e1 kapela, vystoup\u00ed 22. \u00fanora 2026 v Praze. Jejich hudba spojuje heavy rock s popem a R&B, z\u00edskala uzn\u00e1n\u00ed a popularitu na r\u016fzn\u00fdch platform\u00e1ch.","rel":"","context":"In &quot;Show Alerts&quot;","block_context":{"text":"Show Alerts","link":"https:\/\/sound-scribe.com\/en\/category\/show-alerts\/"},"img":{"alt_text":"","src":"https:\/\/i0.wp.com\/sound-scribe.com\/wp-content\/uploads\/2025\/11\/sleep_theory_futurum_praha_02_26.jpg?fit=1200%2C675&ssl=1&resize=350%2C200","width":350,"height":200,"srcset":"https:\/\/i0.wp.com\/sound-scribe.com\/wp-content\/uploads\/2025\/11\/sleep_theory_futurum_praha_02_26.jpg?fit=1200%2C675&ssl=1&resize=350%2C200 1x, https:\/\/i0.wp.com\/sound-scribe.com\/wp-content\/uploads\/2025\/11\/sleep_theory_futurum_praha_02_26.jpg?fit=1200%2C675&ssl=1&resize=525%2C300 1.5x, https:\/\/i0.wp.com\/sound-scribe.com\/wp-content\/uploads\/2025\/11\/sleep_theory_futurum_praha_02_26.jpg?fit=1200%2C675&ssl=1&resize=700%2C400 2x, https:\/\/i0.wp.com\/sound-scribe.com\/wp-content\/uploads\/2025\/11\/sleep_theory_futurum_praha_02_26.jpg?fit=1200%2C675&ssl=1&resize=1050%2C600 3x"},"classes":[]},{"id":14879,"url":"https:\/\/sound-scribe.com\/en\/2025\/11\/14\/nejvetsi-dosavadni-koncert-architects-v-cr\/","url_meta":{"origin":15657,"position":4},"title":"Nejv\u011bt\u0161\u00ed dosavadn\u00ed koncert Architects v \u010cR","author":"Kerry Lynx","date":"14 November 2025","format":false,"excerpt":"Architects se vrac\u00ed do Prahy v lednu 2026 do O2 Universa se sv\u00fdm nejv\u011bt\u0161\u00edm koncertem. Doprovod\u00ed je LANDMVRKS a tajemn\u00ed PRESIDENT, kombinuj\u00edc\u00ed metalcore s atmosf\u00e9rick\u00fdm myst\u00e9riem.","rel":"","context":"In &quot;Show Alerts&quot;","block_context":{"text":"Show Alerts","link":"https:\/\/sound-scribe.com\/en\/category\/show-alerts\/"},"img":{"alt_text":"","src":"https:\/\/i0.wp.com\/sound-scribe.com\/wp-content\/uploads\/2025\/10\/architects_02_universum_praha_26.jpg?fit=1200%2C627&ssl=1&resize=350%2C200","width":350,"height":200,"srcset":"https:\/\/i0.wp.com\/sound-scribe.com\/wp-content\/uploads\/2025\/10\/architects_02_universum_praha_26.jpg?fit=1200%2C627&ssl=1&resize=350%2C200 1x, https:\/\/i0.wp.com\/sound-scribe.com\/wp-content\/uploads\/2025\/10\/architects_02_universum_praha_26.jpg?fit=1200%2C627&ssl=1&resize=525%2C300 1.5x, https:\/\/i0.wp.com\/sound-scribe.com\/wp-content\/uploads\/2025\/10\/architects_02_universum_praha_26.jpg?fit=1200%2C627&ssl=1&resize=700%2C400 2x, https:\/\/i0.wp.com\/sound-scribe.com\/wp-content\/uploads\/2025\/10\/architects_02_universum_praha_26.jpg?fit=1200%2C627&ssl=1&resize=1050%2C600 3x"},"classes":[]},{"id":15635,"url":"https:\/\/sound-scribe.com\/en\/2025\/12\/17\/omnium-gatherum-se-chysta-do-prahy\/","url_meta":{"origin":15657,"position":5},"title":"Omnium Gatherum se s nov\u00fdm albem chyst\u00e1 do Prahy","author":"Kerry Lynx","date":"17 December 2025","format":false,"excerpt":"Finov\u00e9 Omnium Gatherum vystoup\u00ed 18. \u00fanora 2026 v Praze s podporou Fallujah a In Mourning. Kapela, uzn\u00e1van\u00e1 v melodic death metalov\u00e9 sc\u00e9n\u011b, nab\u00edz\u00ed unik\u00e1tn\u00ed zvuk a hlubokou emoci.","rel":"","context":"In &quot;Show Alerts&quot;","block_context":{"text":"Show Alerts","link":"https:\/\/sound-scribe.com\/en\/category\/show-alerts\/"},"img":{"alt_text":"","src":"https:\/\/i0.wp.com\/sound-scribe.com\/wp-content\/uploads\/2025\/10\/omnium_gatherum_rock_cafe_praha.jpg?fit=1200%2C626&ssl=1&resize=350%2C200","width":350,"height":200,"srcset":"https:\/\/i0.wp.com\/sound-scribe.com\/wp-content\/uploads\/2025\/10\/omnium_gatherum_rock_cafe_praha.jpg?fit=1200%2C626&ssl=1&resize=350%2C200 1x, https:\/\/i0.wp.com\/sound-scribe.com\/wp-content\/uploads\/2025\/10\/omnium_gatherum_rock_cafe_praha.jpg?fit=1200%2C626&ssl=1&resize=525%2C300 1.5x, https:\/\/i0.wp.com\/sound-scribe.com\/wp-content\/uploads\/2025\/10\/omnium_gatherum_rock_cafe_praha.jpg?fit=1200%2C626&ssl=1&resize=700%2C400 2x, https:\/\/i0.wp.com\/sound-scribe.com\/wp-content\/uploads\/2025\/10\/omnium_gatherum_rock_cafe_praha.jpg?fit=1200%2C626&ssl=1&resize=1050%2C600 3x"},"classes":[]}],"_links":{"self":[{"href":"https:\/\/sound-scribe.com\/en\/wp-json\/wp\/v2\/posts\/15657","targetHints":{"allow":["GET"]}}],"collection":[{"href":"https:\/\/sound-scribe.com\/en\/wp-json\/wp\/v2\/posts"}],"about":[{"href":"https:\/\/sound-scribe.com\/en\/wp-json\/wp\/v2\/types\/post"}],"author":[{"embeddable":true,"href":"https:\/\/sound-scribe.com\/en\/wp-json\/wp\/v2\/users\/241323962"}],"replies":[{"embeddable":true,"href":"https:\/\/sound-scribe.com\/en\/wp-json\/wp\/v2\/comments?post=15657"}],"version-history":[{"count":3,"href":"https:\/\/sound-scribe.com\/en\/wp-json\/wp\/v2\/posts\/15657\/revisions"}],"predecessor-version":[{"id":15677,"href":"https:\/\/sound-scribe.com\/en\/wp-json\/wp\/v2\/posts\/15657\/revisions\/15677"}],"wp:featuredmedia":[{"embeddable":true,"href":"https:\/\/sound-scribe.com\/en\/wp-json\/wp\/v2\/media\/15676"}],"wp:attachment":[{"href":"https:\/\/sound-scribe.com\/en\/wp-json\/wp\/v2\/media?parent=15657"}],"wp:term":[{"taxonomy":"category","embeddable":true,"href":"https:\/\/sound-scribe.com\/en\/wp-json\/wp\/v2\/categories?post=15657"},{"taxonomy":"post_tag","embeddable":true,"href":"https:\/\/sound-scribe.com\/en\/wp-json\/wp\/v2\/tags?post=15657"}],"curies":[{"name":"wp","href":"https:\/\/api.w.org\/{rel}","templated":true}]}}