{"id":15356,"date":"2025-12-11T16:57:02","date_gmt":"2025-12-11T15:57:02","guid":{"rendered":"https:\/\/sound-scribe.com\/?p=15356"},"modified":"2025-12-11T16:57:07","modified_gmt":"2025-12-11T15:57:07","slug":"michal-pavlicek-pridava-druhy-narozeninovy-koncert","status":"publish","type":"post","link":"https:\/\/sound-scribe.com\/en\/2025\/12\/11\/michal-pavlicek-pridava-druhy-narozeninovy-koncert\/","title":{"rendered":"Michal Pavl\u00ed\u010dek p\u0159id\u00e1v\u00e1 druh\u00fd narozeninov\u00fd koncert"},"content":{"rendered":"<p class=\"has-text-align-justify wp-block-paragraph\">Kytarov\u00e1 ikona \u010desk\u00e9 sc\u00e9ny m\u00ed\u0159\u00ed do pra\u017esk\u00e9ho O2 universa, kde 28. a 29. ledna 2026 oslav\u00ed sedmdes\u00e1tiny dv\u011bma speci\u00e1ln\u00edmi koncerty. <strong>Michal Pavl\u00ed\u010dek <\/strong>slibuje pr\u016f\u0159ez celou kari\u00e9rou: od legend\u00e1rn\u00edho Pra\u017esk\u00e9ho v\u00fdb\u011bru p\u0159es Stromboli a BSP a\u017e po nov\u00fd materi\u00e1l z chystan\u00e9ho s\u00f3lov\u00e9ho alba. Oba ve\u010dery maj\u00ed vlastn\u00ed obsazen\u00ed a dohromady nab\u00eddnou v\u00fdjime\u010dn\u00fd set host\u016f.<\/p>\n\n\n\n<p class=\"has-text-align-justify wp-block-paragraph\">Prvn\u00ed term\u00edn, 28. ledna, pat\u0159\u00ed lidem, kte\u0159\u00ed s Pavl\u00ed\u010dkem formovali z\u00e1sadn\u00ed projekty. Doraz\u00ed B\u00e1ra Basikov\u00e1, Michael Koc\u00e1b, Kamil St\u0159ihavka, Ota Balage, Monika Na\u010deva, Vil\u00e9m \u010cok a dal\u0161\u00ed dlouholet\u00ed spoluhr\u00e1\u010di.<\/p>\n\n\n\n<p class=\"has-text-align-justify wp-block-paragraph\">Den nato, 29. ledna, nab\u00eddne p\u0159idan\u00fd koncert s dal\u0161\u00edmi jm\u00e9ny \u010desk\u00e9 hudebn\u00ed sc\u00e9ny. Na p\u00f3diu se objev\u00ed Zuzana Michnov\u00e1, Robert Kodym, Roman Hol\u00fd, Mat\u011bj Ruppert, Robert K\u0159es\u0165an a \u0159ada dal\u0161\u00edch osobnost\u00ed, kter\u00e9 Pavl\u00ed\u010dka prov\u00e1zely jeho cestou nap\u0159\u00ed\u010d projekty i \u017e\u00e1nry.<\/p>\n\n\n\n<p class=\"has-text-align-justify wp-block-paragraph\">Pavl\u00ed\u010dek se do historie tuzemsk\u00e9 hudby zapsal jako skladatel, kytarista i autor sc\u00e9nick\u00e9, filmov\u00e9 a televizn\u00ed hudby. M\u00e1 za sebou v\u00edce ne\u017e sedmdes\u00e1t nahr\u00e1vek, des\u00edtky inscenac\u00ed, n\u011bkolik muzik\u00e1l\u016f i spolupr\u00e1ce v zahrani\u010d\u00ed. Je dr\u017eitelem mnoha ocen\u011bn\u00ed v\u010detn\u011b \u010cesk\u00e9 lva za hudbu k filmu <em>Tancuj Matyldo<\/em>.<\/p>\n\n\n\n<p class=\"has-text-align-justify wp-block-paragraph\">Pokud m\u00e1te Pavl\u00ed\u010dkovu tvorbu v krvi, nebo si chcete p\u0159ipomenout, pro\u010d jeho hudba tak p\u0159esn\u011b trefuje emoce a atmosf\u00e9ru, leden v O2 universu v\u00e1m nesm\u00ed uniknout. <\/p>\n\n\n\n<p class=\"has-text-align-justify wp-block-paragraph\"><strong>Prvn\u00ed ve\u010der je u\u017e vyprodan\u00fd, ale na p\u0159idan\u00fd koncert 29. ledna 2026 jsou vstupenky st\u00e1le k dispozici.<\/strong><br><a href=\"https:\/\/www.ticketmaster.cz\/artist\/michal-pavlicek-vstupenky\/998724?language=cs-cz\">https:\/\/www.ticketmaster.cz\/artist\/michal-pavlicek-vstupenky\/998724?language=cs-cz<\/a><\/p>\n\n\n\n<figure class=\"wp-block-embed is-type-video is-provider-youtube wp-block-embed-youtube wp-embed-aspect-4-3 wp-has-aspect-ratio\"><div class=\"wp-block-embed__wrapper\">\n<span class=\"embed-youtube\" style=\"text-align:center; display: block;\"><iframe loading=\"lazy\" class=\"youtube-player\" width=\"640\" height=\"360\" src=\"https:\/\/www.youtube.com\/embed\/99_JSkfJrT0?version=3&#038;rel=1&#038;showsearch=0&#038;showinfo=1&#038;iv_load_policy=1&#038;fs=1&#038;hl=en-US&#038;autohide=2&#038;wmode=transparent&#038;listType=playlist&#038;list=RD99_JSkfJrT0\" allowfullscreen=\"true\" style=\"border:0;\" sandbox=\"allow-scripts allow-same-origin allow-popups allow-presentation allow-popups-to-escape-sandbox\"><\/iframe><\/span>\n<\/div><\/figure>","protected":false},"excerpt":{"rendered":"<p>Michal Pavl\u00ed\u010dek oslav\u00ed 70. narozeniny koncerty 28. a 29. ledna 2026 v O2 universu, s bohat\u00fdm programem a hosty. Prvn\u00ed den je vyprodan\u00fd, vstupenky na druh\u00fd term\u00edn jsou k dispozici.<\/p>","protected":false},"author":241323962,"featured_media":15361,"comment_status":"open","ping_status":"open","sticky":false,"template":"","format":"standard","meta":{"_crdt_document":"","site-sidebar-layout":"default","site-content-layout":"","ast-site-content-layout":"default","site-content-style":"default","site-sidebar-style":"default","ast-global-header-display":"","ast-banner-title-visibility":"","ast-main-header-display":"","ast-hfb-above-header-display":"","ast-hfb-below-header-display":"","ast-hfb-mobile-header-display":"","site-post-title":"","ast-breadcrumbs-content":"","ast-featured-img":"","footer-sml-layout":"","ast-disable-related-posts":"","theme-transparent-header-meta":"","adv-header-id-meta":"","stick-header-meta":"","header-above-stick-meta":"","header-main-stick-meta":"","header-below-stick-meta":"","astra-migrate-meta-layouts":"default","ast-page-background-enabled":"default","ast-page-background-meta":{"desktop":{"background-color":"var(--ast-global-color-5)","background-image":"","background-repeat":"repeat","background-position":"center center","background-size":"auto","background-attachment":"scroll","background-type":"","background-media":"","overlay-type":"","overlay-color":"","overlay-opacity":"","overlay-gradient":""},"tablet":{"background-color":"","background-image":"","background-repeat":"repeat","background-position":"center center","background-size":"auto","background-attachment":"scroll","background-type":"","background-media":"","overlay-type":"","overlay-color":"","overlay-opacity":"","overlay-gradient":""},"mobile":{"background-color":"","background-image":"","background-repeat":"repeat","background-position":"center center","background-size":"auto","background-attachment":"scroll","background-type":"","background-media":"","overlay-type":"","overlay-color":"","overlay-opacity":"","overlay-gradient":""}},"ast-content-background-meta":{"desktop":{"background-color":"var(--ast-global-color-4)","background-image":"","background-repeat":"repeat","background-position":"center center","background-size":"auto","background-attachment":"scroll","background-type":"","background-media":"","overlay-type":"","overlay-color":"","overlay-opacity":"","overlay-gradient":""},"tablet":{"background-color":"var(--ast-global-color-4)","background-image":"","background-repeat":"repeat","background-position":"center center","background-size":"auto","background-attachment":"scroll","background-type":"","background-media":"","overlay-type":"","overlay-color":"","overlay-opacity":"","overlay-gradient":""},"mobile":{"background-color":"var(--ast-global-color-4)","background-image":"","background-repeat":"repeat","background-position":"center center","background-size":"auto","background-attachment":"scroll","background-type":"","background-media":"","overlay-type":"","overlay-color":"","overlay-opacity":"","overlay-gradient":""}},"advanced_seo_description":"Nav\u0161tivte speci\u00e1ln\u00ed koncerty Michala Pavl\u00ed\u010dka v O2 universu 28. a 29. ledna 2026 a u\u017eijte si skv\u011bl\u00e9 hudebn\u00ed z\u00e1\u017eitky.","jetpack_seo_html_title":"Michal Pavl\u00ed\u010dek oslav\u00ed 70 let koncerty v O2 universu","jetpack_seo_noindex":false,"_jetpack_newsletter_access":"","_jetpack_dont_email_post_to_subs":false,"_jetpack_newsletter_tier_id":0,"_jetpack_memberships_contains_paywalled_content":false,"_jetpack_memberships_contains_paid_content":false,"footnotes":"","jetpack_publicize_message":"Nav\u0161tivte speci\u00e1ln\u00ed koncerty Michala Pavl\u00ed\u010dka v O2 universu 28. a 29. ledna 2026 a u\u017eijte si skv\u011bl\u00e9 hudebn\u00ed z\u00e1\u017eitky.","jetpack_publicize_feature_enabled":true,"jetpack_social_post_already_shared":false,"jetpack_social_options":{"image_generator_settings":{"template":"highway","default_image_id":0,"font":"","enabled":true,"token":"eyJpbWciOiJodHRwczpcL1wvc291bmQtc2NyaWJlLmNvbVwvd3AtY29udGVudFwvdXBsb2Fkc1wvMjAyNVwvMTJcL3BhdmxpY2VrLW8yLTEzMjJ4NjIzLW5ldy0xMDI0eDQ4My53ZWJwIiwidHh0IjoiTWljaGFsIFBhdmxcdTAwZWRcdTAxMGRlayBwXHUwMTU5aWRcdTAwZTF2XHUwMGUxIGRydWhcdTAwZmQgbmFyb3plbmlub3ZcdTAwZmQga29uY2VydCIsInRlbXBsYXRlIjoiaGlnaHdheSIsImZvbnQiOiIiLCJibG9nX2lkIjoyMjQ3NDYwMDh9.wx_h2ADSsYc-M5-VqOTbRiFl_ppn4py_eEzlXS06exgMQ"},"version":2},"_wpas_customize_per_network":false,"jetpack_post_was_ever_published":false},"categories":[43050363],"tags":[3345586,1721,783828214,1433,15272635],"class_list":["post-15356","post","type-post","status-publish","format-standard","has-post-thumbnail","hentry","category-show-alerts","tag-3345586","tag-live-show","tag-michal-pavlicek","tag-rock","tag-ceska-scena"],"jetpack_publicize_connections":[],"jetpack_featured_media_url":"https:\/\/i0.wp.com\/sound-scribe.com\/wp-content\/uploads\/2025\/12\/pavlicek-o2-1322x623-new.webp?fit=1322%2C623&ssl=1","jetpack_likes_enabled":true,"jetpack_sharing_enabled":true,"jetpack_shortlink":"https:\/\/wp.me\/pfd0HC-3ZG","jetpack-related-posts":[{"id":16962,"url":"https:\/\/sound-scribe.com\/en\/2026\/02\/02\/michal-pavlicek-verze-7-0\/","url_meta":{"origin":15356,"position":0},"title":"Michal Pavl\u00ed\u010dek version 7.0","author":"LeMa","date":"2 February 2026","format":false,"excerpt":"Michal Pavl\u00ed\u010dek celebrated his 70th birthday with a concert that took stock of his career and hinted at new musical directions. The event was rich in guests and created a unique atmosphere full of emotion.","rel":"","context":"In &quot;Live Loud&quot;","block_context":{"text":"Live Loud","link":"https:\/\/sound-scribe.com\/en\/category\/live-loud\/"},"img":{"alt_text":"","src":"https:\/\/i0.wp.com\/sound-scribe.com\/wp-content\/uploads\/2026\/02\/DSC09321.jpg?fit=1200%2C800&ssl=1&resize=350%2C200","width":350,"height":200,"srcset":"https:\/\/i0.wp.com\/sound-scribe.com\/wp-content\/uploads\/2026\/02\/DSC09321.jpg?fit=1200%2C800&ssl=1&resize=350%2C200 1x, https:\/\/i0.wp.com\/sound-scribe.com\/wp-content\/uploads\/2026\/02\/DSC09321.jpg?fit=1200%2C800&ssl=1&resize=525%2C300 1.5x, https:\/\/i0.wp.com\/sound-scribe.com\/wp-content\/uploads\/2026\/02\/DSC09321.jpg?fit=1200%2C800&ssl=1&resize=700%2C400 2x, https:\/\/i0.wp.com\/sound-scribe.com\/wp-content\/uploads\/2026\/02\/DSC09321.jpg?fit=1200%2C800&ssl=1&resize=1050%2C600 3x"},"classes":[]},{"id":11077,"url":"https:\/\/sound-scribe.com\/en\/2025\/07\/17\/hvezdy-deathcore-lorna-shore-miri-do-o2-universa\/","url_meta":{"origin":15356,"position":1},"title":"Hv\u011bzdy deathcore Lorna Shore m\u00ed\u0159\u00ed do O2 Universa","author":"Kerry Lynx","date":"17 July 2025","format":false,"excerpt":"Kapela Lorna Shore ozn\u00e1mila koncert 25. ledna 2026 v Praze, kde p\u0159edstav\u00ed nov\u00e9 skladby a hosty, v\u010detn\u011b Whitechapel. Vstupenky se za\u010dnou prod\u00e1vat 18. \u010dervence.","rel":"","context":"In &quot;Show Alerts&quot;","block_context":{"text":"Show Alerts","link":"https:\/\/sound-scribe.com\/en\/category\/show-alerts\/"},"img":{"alt_text":"","src":"https:\/\/i0.wp.com\/sound-scribe.com\/wp-content\/uploads\/2025\/07\/1322x6232.png?fit=1200%2C566&ssl=1&resize=350%2C200","width":350,"height":200,"srcset":"https:\/\/i0.wp.com\/sound-scribe.com\/wp-content\/uploads\/2025\/07\/1322x6232.png?fit=1200%2C566&ssl=1&resize=350%2C200 1x, https:\/\/i0.wp.com\/sound-scribe.com\/wp-content\/uploads\/2025\/07\/1322x6232.png?fit=1200%2C566&ssl=1&resize=525%2C300 1.5x, https:\/\/i0.wp.com\/sound-scribe.com\/wp-content\/uploads\/2025\/07\/1322x6232.png?fit=1200%2C566&ssl=1&resize=700%2C400 2x, https:\/\/i0.wp.com\/sound-scribe.com\/wp-content\/uploads\/2025\/07\/1322x6232.png?fit=1200%2C566&ssl=1&resize=1050%2C600 3x"},"classes":[]},{"id":14879,"url":"https:\/\/sound-scribe.com\/en\/2025\/11\/14\/nejvetsi-dosavadni-koncert-architects-v-cr\/","url_meta":{"origin":15356,"position":2},"title":"Nejv\u011bt\u0161\u00ed dosavadn\u00ed koncert Architects v \u010cR","author":"Kerry Lynx","date":"14 November 2025","format":false,"excerpt":"Architects se vrac\u00ed do Prahy v lednu 2026 do O2 Universa se sv\u00fdm nejv\u011bt\u0161\u00edm koncertem. Doprovod\u00ed je LANDMVRKS a tajemn\u00ed PRESIDENT, kombinuj\u00edc\u00ed metalcore s atmosf\u00e9rick\u00fdm myst\u00e9riem.","rel":"","context":"In &quot;Show Alerts&quot;","block_context":{"text":"Show Alerts","link":"https:\/\/sound-scribe.com\/en\/category\/show-alerts\/"},"img":{"alt_text":"","src":"https:\/\/i0.wp.com\/sound-scribe.com\/wp-content\/uploads\/2025\/10\/architects_02_universum_praha_26.jpg?fit=1200%2C627&ssl=1&resize=350%2C200","width":350,"height":200,"srcset":"https:\/\/i0.wp.com\/sound-scribe.com\/wp-content\/uploads\/2025\/10\/architects_02_universum_praha_26.jpg?fit=1200%2C627&ssl=1&resize=350%2C200 1x, https:\/\/i0.wp.com\/sound-scribe.com\/wp-content\/uploads\/2025\/10\/architects_02_universum_praha_26.jpg?fit=1200%2C627&ssl=1&resize=525%2C300 1.5x, https:\/\/i0.wp.com\/sound-scribe.com\/wp-content\/uploads\/2025\/10\/architects_02_universum_praha_26.jpg?fit=1200%2C627&ssl=1&resize=700%2C400 2x, https:\/\/i0.wp.com\/sound-scribe.com\/wp-content\/uploads\/2025\/10\/architects_02_universum_praha_26.jpg?fit=1200%2C627&ssl=1&resize=1050%2C600 3x"},"classes":[]},{"id":15847,"url":"https:\/\/sound-scribe.com\/en\/2025\/12\/29\/spojeni-tarji-s-markem-ve-zline-se-prelozilo-na-rok-2026\/","url_meta":{"origin":15356,"position":3},"title":"Tarja and Marko's joint concert in Zl\u00edn has been postponed until 2026.","author":"Kerry Lynx","date":"29 December 2025","format":false,"excerpt":"The new date for the canceled concert by TARJA TURUNEN and MARK HIETALA is February 8, 2026, in Zl\u00edn. Tickets are available. Special guests include the bands Symphonity and Rok Ali and The Addiction.","rel":"","context":"In &quot;Show Alerts&quot;","block_context":{"text":"Show Alerts","link":"https:\/\/sound-scribe.com\/en\/category\/show-alerts\/"},"img":{"alt_text":"","src":"https:\/\/i0.wp.com\/sound-scribe.com\/wp-content\/uploads\/2025\/09\/tarja_marko_datart_zlin_26.jpg?fit=1200%2C625&ssl=1&resize=350%2C200","width":350,"height":200,"srcset":"https:\/\/i0.wp.com\/sound-scribe.com\/wp-content\/uploads\/2025\/09\/tarja_marko_datart_zlin_26.jpg?fit=1200%2C625&ssl=1&resize=350%2C200 1x, https:\/\/i0.wp.com\/sound-scribe.com\/wp-content\/uploads\/2025\/09\/tarja_marko_datart_zlin_26.jpg?fit=1200%2C625&ssl=1&resize=525%2C300 1.5x, https:\/\/i0.wp.com\/sound-scribe.com\/wp-content\/uploads\/2025\/09\/tarja_marko_datart_zlin_26.jpg?fit=1200%2C625&ssl=1&resize=700%2C400 2x, https:\/\/i0.wp.com\/sound-scribe.com\/wp-content\/uploads\/2025\/09\/tarja_marko_datart_zlin_26.jpg?fit=1200%2C625&ssl=1&resize=1050%2C600 3x"},"classes":[]},{"id":12587,"url":"https:\/\/sound-scribe.com\/en\/2025\/09\/25\/niakara-pokrti-ve-futuru-nove-ep-anubis\/","url_meta":{"origin":15356,"position":4},"title":"Niakara pok\u0159t\u00ed ve Futuru nov\u00e9 EP Anubis","author":"Kerry Lynx","date":"25 September 2025","format":false,"excerpt":"Kapela Niakara pok\u0159t\u00ed nov\u00e9 EP \"Anubis\" 17. \u0159\u00edjna 2025 v Pra\u017esk\u00e9m Futurum Music Bar. Akci zpest\u0159\u00ed speci\u00e1ln\u00ed host\u00e9, v\u010detn\u011b Doktora Triceratops a zp\u011bva\u010dky Leony \u0160enkov\u00e9.","rel":"","context":"In &quot;Show Alerts&quot;","block_context":{"text":"Show Alerts","link":"https:\/\/sound-scribe.com\/en\/category\/show-alerts\/"},"img":{"alt_text":"","src":"https:\/\/i0.wp.com\/sound-scribe.com\/wp-content\/uploads\/2025\/09\/Niakara_promo_1.webp?resize=350%2C200&ssl=1","width":350,"height":200,"srcset":"https:\/\/i0.wp.com\/sound-scribe.com\/wp-content\/uploads\/2025\/09\/Niakara_promo_1.webp?resize=350%2C200&ssl=1 1x, https:\/\/i0.wp.com\/sound-scribe.com\/wp-content\/uploads\/2025\/09\/Niakara_promo_1.webp?resize=525%2C300&ssl=1 1.5x, https:\/\/i0.wp.com\/sound-scribe.com\/wp-content\/uploads\/2025\/09\/Niakara_promo_1.webp?resize=700%2C400&ssl=1 2x, https:\/\/i0.wp.com\/sound-scribe.com\/wp-content\/uploads\/2025\/09\/Niakara_promo_1.webp?resize=1050%2C600&ssl=1 3x, https:\/\/i0.wp.com\/sound-scribe.com\/wp-content\/uploads\/2025\/09\/Niakara_promo_1.webp?resize=1400%2C800&ssl=1 4x"},"classes":[]},{"id":16033,"url":"https:\/\/sound-scribe.com\/en\/2026\/01\/14\/dymytry-arakain-neztracime-naboj\/","url_meta":{"origin":15356,"position":5},"title":"Best Rock Tour 2026 \u2013 Dymytry &amp; Arakain: We're not losing our spark","author":"LeMa","date":"14 January 2026","format":false,"excerpt":"Two legends of Czech rock, Dymytry and Arakain, are joining forces for the \"Neztr\u00e1c\u00edme n\u00e1boj\" tour. Fans can look forward to energetic concerts featuring both new and familiar hits. Tickets are on sale now.","rel":"","context":"In &quot;Show Alerts&quot;","block_context":{"text":"Show Alerts","link":"https:\/\/sound-scribe.com\/en\/category\/show-alerts\/"},"img":{"alt_text":"","src":"https:\/\/i0.wp.com\/sound-scribe.com\/wp-content\/uploads\/2026\/01\/1374757-800.jpg?fit=1200%2C804&ssl=1&resize=350%2C200","width":350,"height":200,"srcset":"https:\/\/i0.wp.com\/sound-scribe.com\/wp-content\/uploads\/2026\/01\/1374757-800.jpg?fit=1200%2C804&ssl=1&resize=350%2C200 1x, https:\/\/i0.wp.com\/sound-scribe.com\/wp-content\/uploads\/2026\/01\/1374757-800.jpg?fit=1200%2C804&ssl=1&resize=525%2C300 1.5x, https:\/\/i0.wp.com\/sound-scribe.com\/wp-content\/uploads\/2026\/01\/1374757-800.jpg?fit=1200%2C804&ssl=1&resize=700%2C400 2x, https:\/\/i0.wp.com\/sound-scribe.com\/wp-content\/uploads\/2026\/01\/1374757-800.jpg?fit=1200%2C804&ssl=1&resize=1050%2C600 3x"},"classes":[]}],"_links":{"self":[{"href":"https:\/\/sound-scribe.com\/en\/wp-json\/wp\/v2\/posts\/15356","targetHints":{"allow":["GET"]}}],"collection":[{"href":"https:\/\/sound-scribe.com\/en\/wp-json\/wp\/v2\/posts"}],"about":[{"href":"https:\/\/sound-scribe.com\/en\/wp-json\/wp\/v2\/types\/post"}],"author":[{"embeddable":true,"href":"https:\/\/sound-scribe.com\/en\/wp-json\/wp\/v2\/users\/241323962"}],"replies":[{"embeddable":true,"href":"https:\/\/sound-scribe.com\/en\/wp-json\/wp\/v2\/comments?post=15356"}],"version-history":[{"count":7,"href":"https:\/\/sound-scribe.com\/en\/wp-json\/wp\/v2\/posts\/15356\/revisions"}],"predecessor-version":[{"id":15424,"href":"https:\/\/sound-scribe.com\/en\/wp-json\/wp\/v2\/posts\/15356\/revisions\/15424"}],"wp:featuredmedia":[{"embeddable":true,"href":"https:\/\/sound-scribe.com\/en\/wp-json\/wp\/v2\/media\/15361"}],"wp:attachment":[{"href":"https:\/\/sound-scribe.com\/en\/wp-json\/wp\/v2\/media?parent=15356"}],"wp:term":[{"taxonomy":"category","embeddable":true,"href":"https:\/\/sound-scribe.com\/en\/wp-json\/wp\/v2\/categories?post=15356"},{"taxonomy":"post_tag","embeddable":true,"href":"https:\/\/sound-scribe.com\/en\/wp-json\/wp\/v2\/tags?post=15356"}],"curies":[{"name":"wp","href":"https:\/\/api.w.org\/{rel}","templated":true}]}}