{"id":11921,"date":"2025-08-24T18:10:00","date_gmt":"2025-08-24T16:10:00","guid":{"rendered":"https:\/\/sound-scribe.com\/?p=11921"},"modified":"2025-08-25T10:26:37","modified_gmt":"2025-08-25T08:26:37","slug":"stagebound-festival","status":"publish","type":"post","link":"https:\/\/sound-scribe.com\/en\/2025\/08\/24\/stagebound-festival\/","title":{"rendered":"StageBound festival"},"content":{"rendered":"<p class=\"has-text-align-justify wp-block-paragraph\">Jak ji\u017e n\u00e1zev napov\u00edd\u00e1, festival m\u00e1 za \u00fakol propojit siln\u00e1 jm\u00e9na dom\u00e1c\u00ed rockov\u00e9 a metalov\u00e9 sc\u00e9ny s mlad\u0161\u00edmi kapelami, kter\u00e9 maj\u00ed v na\u0161ich o\u010d\u00edch potenci\u00e1l prorazit. Nicm\u00e9n\u011b se kv\u016fli stylu, kter\u00fdm se prezentuj\u00ed, pot\u00fdkaj\u00ed s nedocen\u011bn\u00edm a nedostate\u010dnou fanou\u0161kovskou z\u00e1kladnou, obzvl\u00e1\u0161\u0165 u jejich vrstevn\u00edk\u016f.<\/p>\n\n\n\n<p class=\"has-text-align-justify wp-block-paragraph\">Jde o pe\u010dliv\u011b kur\u00e1torovan\u00fd projekt, kter\u00fd d\u00e1v\u00e1 za\u010d\u00ednaj\u00edc\u00edm interpret\u016fm mo\u017enost sd\u00edlet p\u00f3dium s etablovan\u00fdmi jm\u00e9ny a p\u0159edstavit se po\u010detn\u011bj\u0161\u00edmu publiku, kter\u00e9 je na dan\u00fd \u017e\u00e1nr nalad\u011bn\u00e9. <strong>The.Switch<\/strong>, <strong>Pan Lynx<\/strong>, <strong>The Agony<\/strong>, <strong>Arzzen<\/strong>, <strong>Koby Fray<\/strong>, <strong>Night Art Expo<\/strong> and <strong>Syncopation<\/strong>. Na v\u0161echna tato jm\u00e9na se m\u016f\u017eete v prvn\u00edm ro\u010dn\u00edku t\u011b\u0161it. Na\u0161im c\u00edlem je postupn\u011b b\u011bhem n\u011bkolika let vytvo\u0159it s\u00e9rii koncert\u016f po cel\u00e9 \u010cR a z\u00e1rove\u0148 podporovat komunitu kolem tvrd\u0161\u00ed hudby.<\/p>\n\n\n\n<p class=\"wp-block-paragraph\">Budeme se na V\u00e1s t\u011b\u0161it 5.9. v pra\u017esk\u00e9m <strong>Rock Caf\u00e9<\/strong> a 19.9. v plze\u0148sk\u00e9m <strong>Divadle pod lampou<\/strong>! <\/p>\n\n\n\n<div class=\"wp-block-jetpack-tiled-gallery aligncenter is-style-rectangular\"><div class=\"\"><div class=\"tiled-gallery__gallery\"><div class=\"tiled-gallery__row\"><div class=\"tiled-gallery__col\" style=\"flex-basis:50.00000%\"><figure class=\"tiled-gallery__item\"><img data-recalc-dims=\"1\" decoding=\"async\" data-attachment-id=\"11926\" data-permalink=\"https:\/\/sound-scribe.com\/en\/2025\/08\/24\/stagebound-festival\/stagebound_prague_poster\/\" data-orig-file=\"https:\/\/i0.wp.com\/sound-scribe.com\/wp-content\/uploads\/2025\/08\/stagebound_prague_poster.jpg?fit=1440%2C1800&amp;ssl=1\" data-orig-size=\"1440,1800\" data-comments-opened=\"1\" data-image-meta=\"{&quot;aperture&quot;:&quot;0&quot;,&quot;credit&quot;:&quot;&quot;,&quot;camera&quot;:&quot;&quot;,&quot;caption&quot;:&quot;&quot;,&quot;created_timestamp&quot;:&quot;0&quot;,&quot;copyright&quot;:&quot;&quot;,&quot;focal_length&quot;:&quot;0&quot;,&quot;iso&quot;:&quot;0&quot;,&quot;shutter_speed&quot;:&quot;0&quot;,&quot;title&quot;:&quot;&quot;,&quot;orientation&quot;:&quot;0&quot;}\" data-image-title=\"Stagebound_Prague_poster\" data-image-description=\"\" data-image-caption=\"\" data-large-file=\"https:\/\/i0.wp.com\/sound-scribe.com\/wp-content\/uploads\/2025\/08\/stagebound_prague_poster.jpg?fit=819%2C1024&amp;ssl=1\" role=\"button\" tabindex=\"0\" aria-label=\"Open image 1 of 2 in full-screen\" srcset=\"https:\/\/sound-scribe.com\/wp-content\/uploads\/2025\/08\/stagebound_prague_poster.jpg?strip=info&#038;w=600 600w,https:\/\/sound-scribe.com\/wp-content\/uploads\/2025\/08\/stagebound_prague_poster.jpg?strip=info&#038;w=900 900w,https:\/\/sound-scribe.com\/wp-content\/uploads\/2025\/08\/stagebound_prague_poster.jpg?strip=info&#038;w=1200 1200w,https:\/\/sound-scribe.com\/wp-content\/uploads\/2025\/08\/stagebound_prague_poster.jpg?strip=info&#038;w=1440 1440w\" alt=\"\" data-height=\"1800\" data-id=\"11926\" data-link=\"https:\/\/sound-scribe.com\/?attachment_id=11926\" data-url=\"https:\/\/sound-scribe.com\/wp-content\/uploads\/2025\/08\/stagebound_prague_poster.jpg?w=819\" data-width=\"1440\" src=\"https:\/\/i0.wp.com\/sound-scribe.com\/wp-content\/uploads\/2025\/08\/stagebound_prague_poster.jpg?ssl=1\" \/><\/figure><\/div><div class=\"tiled-gallery__col\" style=\"flex-basis:50.00000%\"><figure class=\"tiled-gallery__item\"><img data-recalc-dims=\"1\" decoding=\"async\" data-attachment-id=\"11927\" data-permalink=\"https:\/\/sound-scribe.com\/en\/2025\/08\/24\/stagebound-festival\/stagebound_plzen_poster\/\" data-orig-file=\"https:\/\/i0.wp.com\/sound-scribe.com\/wp-content\/uploads\/2025\/08\/stagebound_plzen_poster-e1756109372996.jpg?fit=992%2C1240&amp;ssl=1\" data-orig-size=\"992,1240\" data-comments-opened=\"1\" data-image-meta=\"{&quot;aperture&quot;:&quot;0&quot;,&quot;credit&quot;:&quot;&quot;,&quot;camera&quot;:&quot;&quot;,&quot;caption&quot;:&quot;&quot;,&quot;created_timestamp&quot;:&quot;0&quot;,&quot;copyright&quot;:&quot;&quot;,&quot;focal_length&quot;:&quot;0&quot;,&quot;iso&quot;:&quot;0&quot;,&quot;shutter_speed&quot;:&quot;0&quot;,&quot;title&quot;:&quot;&quot;,&quot;orientation&quot;:&quot;0&quot;}\" data-image-title=\"Stagebound_Plzen_poster\" data-image-description=\"\" data-image-caption=\"\" data-large-file=\"https:\/\/i0.wp.com\/sound-scribe.com\/wp-content\/uploads\/2025\/08\/stagebound_plzen_poster-e1756109372996.jpg?fit=819%2C1024&amp;ssl=1\" role=\"button\" tabindex=\"0\" aria-label=\"Open image 2 of 2 in full-screen\" srcset=\"https:\/\/sound-scribe.com\/wp-content\/uploads\/2025\/08\/stagebound_plzen_poster-e1756109372996.jpg?strip=info&#038;w=600 600w,https:\/\/sound-scribe.com\/wp-content\/uploads\/2025\/08\/stagebound_plzen_poster-e1756109372996.jpg?strip=info&#038;w=900 900w,https:\/\/sound-scribe.com\/wp-content\/uploads\/2025\/08\/stagebound_plzen_poster-e1756109372996.jpg?strip=info&#038;w=992 992w\" alt=\"\" data-height=\"1240\" data-id=\"11927\" data-link=\"https:\/\/sound-scribe.com\/?attachment_id=11927\" data-url=\"https:\/\/sound-scribe.com\/wp-content\/uploads\/2025\/08\/stagebound_plzen_poster-e1756109372996.jpg?w=819\" data-width=\"992\" src=\"https:\/\/i0.wp.com\/sound-scribe.com\/wp-content\/uploads\/2025\/08\/stagebound_plzen_poster-e1756109372996.jpg?ssl=1\" \/><\/figure><\/div><\/div><\/div><\/div><\/div>\n\n\n\n<p class=\"wp-block-paragraph\">Vstupenky do Prahy: <a href=\"https:\/\/www.fairplay.events\/cs\/stagebound-festival-praha-2025-bcce?fbclid=IwZXh0bgNhZW0CMTAAYnJpZBExWG44clFuc0xnVHJHYUF5UAEegDTQfOMow0K4gV58mG6fps1_9WGEzR2XkFN1J5fU3vABgEDvrilI42Zz4lc_aem_HKpGf85Fp3077MeNLXrlJg\" target=\"_blank\" rel=\"noreferrer noopener\">https:\/\/www.fairplay.events\/cs\/stagebound-festival-praha-2025-bcce<\/a><br>Vstupenky do Plzn\u011b: <a href=\"https:\/\/goout.net\/cs\/stagebound-fest-2025\/szpetwx\/?fbclid=IwZXh0bgNhZW0CMTAAYnJpZBExWG44clFuc0xnVHJHYUF5UAEeLW5GM8VoDi3HjJhsjLzIVWgaTnXmIvHPQsJPbLDgQWnnfd1CjUVDLAZ5p54_aem_qGZ6T9-mq1lInnFgC4w9dQ\" target=\"_blank\" rel=\"noreferrer noopener\">https:\/\/goout.net\/cs\/stagebound-fest-2025\/szpetwx\/<\/a><\/p>\n\n\n\n<p class=\"wp-block-paragraph\"><\/p>","protected":false},"excerpt":{"rendered":"<p>Festival spojuje etablovan\u00e9 rockov\u00e9 a metalov\u00e9 kapely s mlad\u00fdmi talenty, podporuje komunitu a nab\u00edz\u00ed za\u010d\u00ednaj\u00edc\u00edm interpret\u016fm mo\u017enost vystoupit p\u0159ed \u0161ir\u0161\u00edm publikem. Akce prob\u011bhne v Praze a Plzni.<\/p>","protected":false},"author":241323962,"featured_media":11931,"comment_status":"open","ping_status":"open","sticky":false,"template":"","format":"standard","meta":{"_crdt_document":"","site-sidebar-layout":"default","site-content-layout":"","ast-site-content-layout":"default","site-content-style":"default","site-sidebar-style":"default","ast-global-header-display":"","ast-banner-title-visibility":"","ast-main-header-display":"","ast-hfb-above-header-display":"","ast-hfb-below-header-display":"","ast-hfb-mobile-header-display":"","site-post-title":"","ast-breadcrumbs-content":"","ast-featured-img":"","footer-sml-layout":"","ast-disable-related-posts":"","theme-transparent-header-meta":"","adv-header-id-meta":"","stick-header-meta":"","header-above-stick-meta":"","header-main-stick-meta":"","header-below-stick-meta":"","astra-migrate-meta-layouts":"default","ast-page-background-enabled":"default","ast-page-background-meta":{"desktop":{"background-color":"var(--ast-global-color-5)","background-image":"","background-repeat":"repeat","background-position":"center center","background-size":"auto","background-attachment":"scroll","background-type":"","background-media":"","overlay-type":"","overlay-color":"","overlay-opacity":"","overlay-gradient":""},"tablet":{"background-color":"","background-image":"","background-repeat":"repeat","background-position":"center center","background-size":"auto","background-attachment":"scroll","background-type":"","background-media":"","overlay-type":"","overlay-color":"","overlay-opacity":"","overlay-gradient":""},"mobile":{"background-color":"","background-image":"","background-repeat":"repeat","background-position":"center center","background-size":"auto","background-attachment":"scroll","background-type":"","background-media":"","overlay-type":"","overlay-color":"","overlay-opacity":"","overlay-gradient":""}},"ast-content-background-meta":{"desktop":{"background-color":"var(--ast-global-color-4)","background-image":"","background-repeat":"repeat","background-position":"center center","background-size":"auto","background-attachment":"scroll","background-type":"","background-media":"","overlay-type":"","overlay-color":"","overlay-opacity":"","overlay-gradient":""},"tablet":{"background-color":"var(--ast-global-color-4)","background-image":"","background-repeat":"repeat","background-position":"center center","background-size":"auto","background-attachment":"scroll","background-type":"","background-media":"","overlay-type":"","overlay-color":"","overlay-opacity":"","overlay-gradient":""},"mobile":{"background-color":"var(--ast-global-color-4)","background-image":"","background-repeat":"repeat","background-position":"center center","background-size":"auto","background-attachment":"scroll","background-type":"","background-media":"","overlay-type":"","overlay-color":"","overlay-opacity":"","overlay-gradient":""}},"advanced_seo_description":"P\u0159ij\u010fte na Stagebound festival v Praze a Plzni! Propojte etablovan\u00e9 rockov\u00e9 hv\u011bzdy s mlad\u00fdmi talenty. Zakupte si vstupenky ji\u017e dnes!","jetpack_seo_html_title":"Festival Stagebound: Nov\u00e9 Talenty v Rocku a Metalu","jetpack_seo_noindex":false,"_jetpack_newsletter_access":"","_jetpack_dont_email_post_to_subs":false,"_jetpack_newsletter_tier_id":0,"_jetpack_memberships_contains_paywalled_content":false,"_jetpack_memberships_contains_paid_content":false,"footnotes":"","jetpack_publicize_message":"Festival StageBound spojuje zku\u0161en\u00e9 rockov\u00e9 a metalov\u00e9 kapely s mlad\u00fdmi talenty, podporuje komunitu a nab\u00edz\u00ed za\u010d\u00ednaj\u00edc\u00edm interpret\u016fm mo\u017enost vystoupit p\u0159ed \u0161ir\u0161\u00edm publikem. Akce prob\u011bhne v Praze a Plzni (v\u00edce v pozv\u00e1nce).","jetpack_publicize_feature_enabled":true,"jetpack_social_post_already_shared":false,"jetpack_social_options":{"image_generator_settings":{"template":"highway","default_image_id":0,"font":"","enabled":false},"version":2},"_wpas_customize_per_network":false,"jetpack_post_was_ever_published":false},"categories":[43050363],"tags":[2757063,1721,1393,1857340,82127,1433,15272635],"class_list":["post-11921","post","type-post","status-publish","format-standard","has-post-thumbnail","hentry","category-show-alerts","tag-2757063","tag-live-show","tag-metal","tag-plzen","tag-praha","tag-rock","tag-ceska-scena"],"jetpack_publicize_connections":[],"jetpack_featured_media_url":"https:\/\/i0.wp.com\/sound-scribe.com\/wp-content\/uploads\/2025\/08\/stagebound_poster-e1756109717749.png?fit=1746%2C984&ssl=1","jetpack_likes_enabled":true,"jetpack_sharing_enabled":true,"jetpack_shortlink":"https:\/\/wp.me\/pfd0HC-36h","jetpack-related-posts":[{"id":11500,"url":"https:\/\/sound-scribe.com\/en\/2025\/08\/10\/ostrava-v-plamenech-2025\/","url_meta":{"origin":11921,"position":0},"title":"Ostrava v Plamenech 2025: Industri\u00e1ln\u00ed chr\u00e1m metalu","author":"LeMa","date":"10 August 2025","format":false,"excerpt":"2. srpna 2025 se industri\u00e1ln\u00ed Ostrava prom\u011bnila v ohniv\u00e9 centrum metalu! Jeden\u00e1ct\u00fd ro\u010dn\u00edk Ostravy v Plamenech p\u0159ivedl na p\u00f3dium jm\u00e9na jako Nervosa, Freedom Call, Lordi nebo U.D.O. a riffy se odr\u00e1\u017eely od \u017eeleza a betonu Doln\u00edch V\u00edtkovic a\u017e do noci.","rel":"","context":"In &quot;Live Loud&quot;","block_context":{"text":"Live Loud","link":"https:\/\/sound-scribe.com\/en\/category\/live-loud\/"},"img":{"alt_text":"","src":"https:\/\/i0.wp.com\/sound-scribe.com\/wp-content\/uploads\/2025\/08\/2025_08_02_ovp_lordi_dsc_5654.jpg?fit=1200%2C801&ssl=1&resize=350%2C200","width":350,"height":200,"srcset":"https:\/\/i0.wp.com\/sound-scribe.com\/wp-content\/uploads\/2025\/08\/2025_08_02_ovp_lordi_dsc_5654.jpg?fit=1200%2C801&ssl=1&resize=350%2C200 1x, https:\/\/i0.wp.com\/sound-scribe.com\/wp-content\/uploads\/2025\/08\/2025_08_02_ovp_lordi_dsc_5654.jpg?fit=1200%2C801&ssl=1&resize=525%2C300 1.5x, https:\/\/i0.wp.com\/sound-scribe.com\/wp-content\/uploads\/2025\/08\/2025_08_02_ovp_lordi_dsc_5654.jpg?fit=1200%2C801&ssl=1&resize=700%2C400 2x, https:\/\/i0.wp.com\/sound-scribe.com\/wp-content\/uploads\/2025\/08\/2025_08_02_ovp_lordi_dsc_5654.jpg?fit=1200%2C801&ssl=1&resize=1050%2C600 3x"},"classes":[]},{"id":7633,"url":"https:\/\/sound-scribe.com\/en\/2025\/04\/21\/pozvanka-na-rock-in-2025\/","url_meta":{"origin":11921,"position":1},"title":"Pozv\u00e1nka na Rock In 2025","author":"Kerry Lynx","date":"21 April 2025","format":false,"excerpt":"Tradi\u010dn\u00ed s\u00e9rie open-air festival\u016f Rock in Town se p\u0159\u00ed\u0161t\u00ed rok p\u0159edstav\u00ed v nov\u00e9 podob\u011b \u2013 s upraven\u00fdm n\u00e1zvem a roz\u0161\u00ed\u0159en\u00fdm po\u010dtem zast\u00e1vek! Rockin.cz 2025 projede od kv\u011btna do z\u00e1\u0159\u00ed celou \u010ceskou republiku a nab\u00eddne jedine\u010dn\u00e1 open-air vystoupen\u00ed kapely \u0160kwor, kterou na r\u016fzn\u00fdch m\u00edstech doprovod\u00ed dal\u0161\u00ed velk\u00e1 jm\u00e9na jako Olympic, Walda\u2026","rel":"","context":"In &quot;Show Alerts&quot;","block_context":{"text":"Show Alerts","link":"https:\/\/sound-scribe.com\/en\/category\/show-alerts\/"},"img":{"alt_text":"Plak\u00e1t Rock IN 2025","src":"https:\/\/i0.wp.com\/sound-scribe.com\/wp-content\/uploads\/2025\/04\/rockin-2025-1920x1920-1.jpg?fit=1200%2C1200&ssl=1&resize=350%2C200","width":350,"height":200,"srcset":"https:\/\/i0.wp.com\/sound-scribe.com\/wp-content\/uploads\/2025\/04\/rockin-2025-1920x1920-1.jpg?fit=1200%2C1200&ssl=1&resize=350%2C200 1x, https:\/\/i0.wp.com\/sound-scribe.com\/wp-content\/uploads\/2025\/04\/rockin-2025-1920x1920-1.jpg?fit=1200%2C1200&ssl=1&resize=525%2C300 1.5x, https:\/\/i0.wp.com\/sound-scribe.com\/wp-content\/uploads\/2025\/04\/rockin-2025-1920x1920-1.jpg?fit=1200%2C1200&ssl=1&resize=700%2C400 2x, https:\/\/i0.wp.com\/sound-scribe.com\/wp-content\/uploads\/2025\/04\/rockin-2025-1920x1920-1.jpg?fit=1200%2C1200&ssl=1&resize=1050%2C600 3x"},"classes":[]},{"id":8331,"url":"https:\/\/sound-scribe.com\/en\/2025\/05\/26\/rockfest-dacice-2025\/","url_meta":{"origin":11921,"position":2},"title":"Rockfest Da\u010dice 2025","author":"Kerry Lynx","date":"26 May 2025","format":false,"excerpt":"Da\u010dice se op\u011bt chystaj\u00ed na po\u0159\u00e1dn\u00fd rockov\u00fd n\u00e1\u0159ez. Rockfest Da\u010dice 2025 klepe na dve\u0159e a leto\u0161n\u00ed ro\u010dn\u00edk slibuje je\u0161t\u011b v\u011bt\u0161\u00ed d\u00e1vku energie, hlasit\u00e9 hudby a nezapomenuteln\u00e9 atmosf\u00e9ry. Festival prob\u011bhne 25-26.7.2025 a u\u017e nyn\u00ed si fanou\u0161ci mohou zajistit sv\u00e9 m\u00edsto pod p\u00f3diem. Vstupenky jsou st\u00e1le k dispozici zde na odkazu. \"Letos\u2026","rel":"","context":"In &quot;Show Alerts&quot;","block_context":{"text":"Show Alerts","link":"https:\/\/sound-scribe.com\/en\/category\/show-alerts\/"},"img":{"alt_text":"Rockfest Da\u010dice 2025","src":"https:\/\/i0.wp.com\/sound-scribe.com\/wp-content\/uploads\/2025\/05\/dac.jpg?fit=874%2C1200&ssl=1&resize=350%2C200","width":350,"height":200,"srcset":"https:\/\/i0.wp.com\/sound-scribe.com\/wp-content\/uploads\/2025\/05\/dac.jpg?fit=874%2C1200&ssl=1&resize=350%2C200 1x, https:\/\/i0.wp.com\/sound-scribe.com\/wp-content\/uploads\/2025\/05\/dac.jpg?fit=874%2C1200&ssl=1&resize=525%2C300 1.5x, https:\/\/i0.wp.com\/sound-scribe.com\/wp-content\/uploads\/2025\/05\/dac.jpg?fit=874%2C1200&ssl=1&resize=700%2C400 2x"},"classes":[]},{"id":19667,"url":"https:\/\/sound-scribe.com\/en\/2026\/04\/16\/cz-sk-lineup-na-rfp-2026-je-na-svete\/","url_meta":{"origin":11921,"position":3},"title":"The CZ\/SK lineup for Rock for People 2026 has been announced; only 5% of tickets remain","author":"Kerry Lynx","date":"16 April 2026","format":false,"excerpt":"The Rock for People Festival takes place from June 10 to 14 and will also feature many Czech and Slovak bands. Tickets are selling out fast\u2014only 5% remain.","rel":"","context":"In &quot;Show Alerts&quot;","block_context":{"text":"Show Alerts","link":"https:\/\/sound-scribe.com\/en\/category\/show-alerts\/"},"img":{"alt_text":"","src":"https:\/\/i0.wp.com\/sound-scribe.com\/wp-content\/uploads\/2026\/04\/RFP26_CZ-oznam-web-novinka-1140x820-1.jpg?fit=1140%2C820&ssl=1&resize=350%2C200","width":350,"height":200,"srcset":"https:\/\/i0.wp.com\/sound-scribe.com\/wp-content\/uploads\/2026\/04\/RFP26_CZ-oznam-web-novinka-1140x820-1.jpg?fit=1140%2C820&ssl=1&resize=350%2C200 1x, https:\/\/i0.wp.com\/sound-scribe.com\/wp-content\/uploads\/2026\/04\/RFP26_CZ-oznam-web-novinka-1140x820-1.jpg?fit=1140%2C820&ssl=1&resize=525%2C300 1.5x, https:\/\/i0.wp.com\/sound-scribe.com\/wp-content\/uploads\/2026\/04\/RFP26_CZ-oznam-web-novinka-1140x820-1.jpg?fit=1140%2C820&ssl=1&resize=700%2C400 2x, https:\/\/i0.wp.com\/sound-scribe.com\/wp-content\/uploads\/2026\/04\/RFP26_CZ-oznam-web-novinka-1140x820-1.jpg?fit=1140%2C820&ssl=1&resize=1050%2C600 3x"},"classes":[]},{"id":14011,"url":"https:\/\/sound-scribe.com\/en\/2025\/10\/15\/gorillaz-a-limp-bizkit-miri-v-cervnu-na-rock-for-people\/","url_meta":{"origin":11921,"position":4},"title":"Gorillaz a Limp Bizkit m\u00ed\u0159\u00ed v \u010dervnu na Rock for People!","author":"Kerry Lynx","date":"15 October 2025","format":false,"excerpt":"Rock for People festival 2026 p\u0159iv\u00edt\u00e1 Gorillaz a Limp Bizkit jako headlinery, dopl\u0148uj\u00edc\u00ed Iron Maiden a Bring Me The Horizon, s v\u00edce ne\u017e 200 interprety a rekordn\u00edm z\u00e1jmem o vstupenky.","rel":"","context":"In &quot;Show Alerts&quot;","block_context":{"text":"Show Alerts","link":"https:\/\/sound-scribe.com\/en\/category\/show-alerts\/"},"img":{"alt_text":"","src":"https:\/\/i0.wp.com\/sound-scribe.com\/wp-content\/uploads\/2025\/10\/gorillaz-press-pic.png?resize=350%2C200&ssl=1","width":350,"height":200,"srcset":"https:\/\/i0.wp.com\/sound-scribe.com\/wp-content\/uploads\/2025\/10\/gorillaz-press-pic.png?resize=350%2C200&ssl=1 1x, https:\/\/i0.wp.com\/sound-scribe.com\/wp-content\/uploads\/2025\/10\/gorillaz-press-pic.png?resize=525%2C300&ssl=1 1.5x, https:\/\/i0.wp.com\/sound-scribe.com\/wp-content\/uploads\/2025\/10\/gorillaz-press-pic.png?resize=700%2C400&ssl=1 2x"},"classes":[]},{"id":17147,"url":"https:\/\/sound-scribe.com\/en\/2026\/02\/06\/specialni-den-rock-for-people-s-iron-maiden-hlasi-novinky-v-lineupu\/","url_meta":{"origin":11921,"position":5},"title":"Special Rock for People day with Iron Maiden announces lineup news","author":"Kerry Lynx","date":"6 February 2026","format":false,"excerpt":"The organizers of Rock for People have announced new bands for Iron Maiden's show on June 14, 2026. The organizers promise a varied program and high demand for tickets, with 80% already sold.","rel":"","context":"In &quot;Show Alerts&quot;","block_context":{"text":"Show Alerts","link":"https:\/\/sound-scribe.com\/en\/category\/show-alerts\/"},"img":{"alt_text":"","src":"https:\/\/i0.wp.com\/sound-scribe.com\/wp-content\/uploads\/2026\/02\/RFP2026-1080x1350-sunday-final.png?fit=960%2C1200&ssl=1&resize=350%2C200","width":350,"height":200,"srcset":"https:\/\/i0.wp.com\/sound-scribe.com\/wp-content\/uploads\/2026\/02\/RFP2026-1080x1350-sunday-final.png?fit=960%2C1200&ssl=1&resize=350%2C200 1x, https:\/\/i0.wp.com\/sound-scribe.com\/wp-content\/uploads\/2026\/02\/RFP2026-1080x1350-sunday-final.png?fit=960%2C1200&ssl=1&resize=525%2C300 1.5x, https:\/\/i0.wp.com\/sound-scribe.com\/wp-content\/uploads\/2026\/02\/RFP2026-1080x1350-sunday-final.png?fit=960%2C1200&ssl=1&resize=700%2C400 2x"},"classes":[]}],"_links":{"self":[{"href":"https:\/\/sound-scribe.com\/en\/wp-json\/wp\/v2\/posts\/11921","targetHints":{"allow":["GET"]}}],"collection":[{"href":"https:\/\/sound-scribe.com\/en\/wp-json\/wp\/v2\/posts"}],"about":[{"href":"https:\/\/sound-scribe.com\/en\/wp-json\/wp\/v2\/types\/post"}],"author":[{"embeddable":true,"href":"https:\/\/sound-scribe.com\/en\/wp-json\/wp\/v2\/users\/241323962"}],"replies":[{"embeddable":true,"href":"https:\/\/sound-scribe.com\/en\/wp-json\/wp\/v2\/comments?post=11921"}],"version-history":[{"count":6,"href":"https:\/\/sound-scribe.com\/en\/wp-json\/wp\/v2\/posts\/11921\/revisions"}],"predecessor-version":[{"id":11932,"href":"https:\/\/sound-scribe.com\/en\/wp-json\/wp\/v2\/posts\/11921\/revisions\/11932"}],"wp:featuredmedia":[{"embeddable":true,"href":"https:\/\/sound-scribe.com\/en\/wp-json\/wp\/v2\/media\/11931"}],"wp:attachment":[{"href":"https:\/\/sound-scribe.com\/en\/wp-json\/wp\/v2\/media?parent=11921"}],"wp:term":[{"taxonomy":"category","embeddable":true,"href":"https:\/\/sound-scribe.com\/en\/wp-json\/wp\/v2\/categories?post=11921"},{"taxonomy":"post_tag","embeddable":true,"href":"https:\/\/sound-scribe.com\/en\/wp-json\/wp\/v2\/tags?post=11921"}],"curies":[{"name":"wp","href":"https:\/\/api.w.org\/{rel}","templated":true}]}}