{"id":11910,"date":"2025-08-24T13:11:00","date_gmt":"2025-08-24T11:11:00","guid":{"rendered":"https:\/\/sound-scribe.com\/?p=11910"},"modified":"2025-08-25T09:20:49","modified_gmt":"2025-08-25T07:20:49","slug":"3-rocnik-himlhergotfestu-klepe-na-dvere","status":"publish","type":"post","link":"https:\/\/sound-scribe.com\/en\/2025\/08\/24\/3-rocnik-himlhergotfestu-klepe-na-dvere\/","title":{"rendered":"3. ro\u010dn\u00edk HimlHergotFestu klepe na dve\u0159e"},"content":{"rendered":"<p class=\"has-text-align-justify wp-block-paragraph\">Rok se s rokem se\u0161el a n\u00e1s za p\u00e1r t\u00fddn\u016f \u010dek\u00e1 dal\u0161\u00ed, ji\u017e 3. ro\u010dn\u00edk <strong>HimlHergotFestu <\/strong>v Plzni. Jestli je\u0161t\u011b festival nezn\u00e1te, jedn\u00e1 se o akci, kterou po\u0159\u00e1d\u00e1 ve skoro &#8222;dom\u00e1c\u00edm rev\u00edru&#8220; s\u00e1m jemnostp\u00e1n <strong>Trautenberk<\/strong>, klatovsk\u00e9 tanzmetalov\u00e9 seskupen\u00ed.<\/p>\n\n\n\n<p class=\"has-text-align-justify wp-block-paragraph\">Na tyto velkopansk\u00e9 hody, kter\u00e9 se ji\u017e tradi\u010dn\u011b budou konat v sobotu <strong>6.9.2025 v Amfite\u00e1tru Plze\u0148 Plaza<\/strong>, si pozve sp\u0159\u00e1telen\u00e9 kapely, doveze vlastn\u00ed pivo, bavorsk\u00e9 klob\u00e1sy a nejsp\u00ed\u0161 i kan\u010d\u00ed gul\u00e1\u0161. Ale jestli bude gul\u00e1\u0161 se \u0161\u00edpkovou a nebo se zel\u00edm? To u\u017e mus\u00edte p\u0159ij\u00edt zjistit sami.<\/p>\n\n\n\n<p class=\"wp-block-paragraph\">Dal\u0161\u00ed aktu\u00e1ln\u00ed informace na Fb ud\u00e1losti: <a href=\"https:\/\/www.facebook.com\/events\/551276910578752\">Himlhergotfest 2025 &#8211; 3.ro\u010dn\u00edk. Jemnostp\u00e1n Trautenberk a jeho host\u00e9 | Facebook<\/a>.<\/p>\n\n\n\n<p class=\"wp-block-paragraph\">Vstupenky naleznete na Ticketstreamu, je\u0161t\u011b tam n\u011bjak\u00fd zb\u00fdvaj\u00ed: <a href=\"https:\/\/www.ticketstream.cz\/akce\/himlhergotfest-2025-trautenberk-a-hoste-177767\">HimlHergotFest 2025, Amfite\u00e1tr Plaza, Plze\u0148 &#8211; Vstupenky | Ticketstream<\/a><\/p>\n\n\n\n<p class=\"has-text-align-justify wp-block-paragraph\">Sv\u00e9 sp\u0159\u00e1telen\u00e9 kapely si jemnostp\u00e1n st\u0159e\u017e\u00ed jako oko v hlav\u011b, ale n\u011bkte\u0159\u00ed p\u00e1tra\u010di ji\u017e zmer\u010dili billboardy, kter\u00e9 zvou na akci. Podle t\u011bch se m\u016f\u017eeme t\u011b\u0161it nap\u0159\u00edklad na <strong>Dymytry<\/strong>, <strong>Civiln\u00ed Obranu<\/strong> nebo <strong>Mor\u010data na \u00dat\u011bku<\/strong>.<\/p>\n\n\n\n<figure class=\"wp-block-image size-large\"><img data-recalc-dims=\"1\" loading=\"lazy\" decoding=\"async\" width=\"1309\" height=\"870\" data-attachment-id=\"11918\" data-permalink=\"https:\/\/sound-scribe.com\/en\/2025\/08\/24\/3-rocnik-himlhergotfestu-klepe-na-dvere\/517575742_1286406469512885_8159050658848819017_n-2\/\" data-orig-file=\"https:\/\/i0.wp.com\/sound-scribe.com\/wp-content\/uploads\/2025\/08\/517575742_1286406469512885_8159050658848819017_n-1.jpg?fit=1309%2C870&amp;ssl=1\" data-orig-size=\"1309,870\" data-comments-opened=\"1\" data-image-meta=\"{&quot;aperture&quot;:&quot;0&quot;,&quot;credit&quot;:&quot;&quot;,&quot;camera&quot;:&quot;&quot;,&quot;caption&quot;:&quot;&quot;,&quot;created_timestamp&quot;:&quot;0&quot;,&quot;copyright&quot;:&quot;&quot;,&quot;focal_length&quot;:&quot;0&quot;,&quot;iso&quot;:&quot;0&quot;,&quot;shutter_speed&quot;:&quot;0&quot;,&quot;title&quot;:&quot;&quot;,&quot;orientation&quot;:&quot;0&quot;}\" data-image-title=\"517575742_1286406469512885_8159050658848819017_n\" data-image-description=\"\" data-image-caption=\"\" data-large-file=\"https:\/\/i0.wp.com\/sound-scribe.com\/wp-content\/uploads\/2025\/08\/517575742_1286406469512885_8159050658848819017_n-1.jpg?fit=1024%2C681&amp;ssl=1\" src=\"https:\/\/i0.wp.com\/sound-scribe.com\/wp-content\/uploads\/2025\/08\/517575742_1286406469512885_8159050658848819017_n-1.jpg?resize=1309%2C870&#038;ssl=1\" alt=\"Billboard propaguj\u00edc\u00ed festival HimlHergotFest 2026, kter\u00fd se bude konat 6. z\u00e1\u0159\u00ed v Plzni, zmi\u0148uje kapely Trautenberk, Dymytry a Civiln\u00ed Obranu. Uv\u00e1d\u00ed tak\u00e9 informace o vstupenk\u00e1ch a dal\u0161\u00ed detaily o akci.\" class=\"wp-image-11918\" \/><\/figure>\n\n\n\n<p class=\"wp-block-paragraph\">My si tuto akci rozhodn\u011b uj\u00edt nech\u00e1me a co Vy? Potk\u00e1me se tam.<\/p>","protected":false},"excerpt":{"rendered":"<p>3. ro\u010dn\u00edk HimlHergotFestu se uskute\u010dn\u00ed 6.9.2025 v Plzni, s jemnostp\u00e1nem Trautenberkem, jeho p\u0159\u00e1telsk\u00fdmi kapelami, pivem a bavorsko-klob\u00e1sov\u00fdmi specialitami. Vstupenky dostupn\u00e9 na Ticketstreamu.<\/p>","protected":false},"author":241323962,"featured_media":11915,"comment_status":"open","ping_status":"open","sticky":false,"template":"","format":"standard","meta":{"_crdt_document":"","site-sidebar-layout":"default","site-content-layout":"","ast-site-content-layout":"default","site-content-style":"default","site-sidebar-style":"default","ast-global-header-display":"","ast-banner-title-visibility":"","ast-main-header-display":"","ast-hfb-above-header-display":"","ast-hfb-below-header-display":"","ast-hfb-mobile-header-display":"","site-post-title":"","ast-breadcrumbs-content":"","ast-featured-img":"","footer-sml-layout":"","ast-disable-related-posts":"","theme-transparent-header-meta":"","adv-header-id-meta":"","stick-header-meta":"","header-above-stick-meta":"","header-main-stick-meta":"","header-below-stick-meta":"","astra-migrate-meta-layouts":"default","ast-page-background-enabled":"default","ast-page-background-meta":{"desktop":{"background-color":"var(--ast-global-color-5)","background-image":"","background-repeat":"repeat","background-position":"center center","background-size":"auto","background-attachment":"scroll","background-type":"","background-media":"","overlay-type":"","overlay-color":"","overlay-opacity":"","overlay-gradient":""},"tablet":{"background-color":"","background-image":"","background-repeat":"repeat","background-position":"center center","background-size":"auto","background-attachment":"scroll","background-type":"","background-media":"","overlay-type":"","overlay-color":"","overlay-opacity":"","overlay-gradient":""},"mobile":{"background-color":"","background-image":"","background-repeat":"repeat","background-position":"center center","background-size":"auto","background-attachment":"scroll","background-type":"","background-media":"","overlay-type":"","overlay-color":"","overlay-opacity":"","overlay-gradient":""}},"ast-content-background-meta":{"desktop":{"background-color":"var(--ast-global-color-4)","background-image":"","background-repeat":"repeat","background-position":"center center","background-size":"auto","background-attachment":"scroll","background-type":"","background-media":"","overlay-type":"","overlay-color":"","overlay-opacity":"","overlay-gradient":""},"tablet":{"background-color":"var(--ast-global-color-4)","background-image":"","background-repeat":"repeat","background-position":"center center","background-size":"auto","background-attachment":"scroll","background-type":"","background-media":"","overlay-type":"","overlay-color":"","overlay-opacity":"","overlay-gradient":""},"mobile":{"background-color":"var(--ast-global-color-4)","background-image":"","background-repeat":"repeat","background-position":"center center","background-size":"auto","background-attachment":"scroll","background-type":"","background-media":"","overlay-type":"","overlay-color":"","overlay-opacity":"","overlay-gradient":""}},"advanced_seo_description":"P\u0159ij\u010fte za\u017e\u00edt 3. ro\u010dn\u00edk HimlHergotFestu v Plzni! O\u010dek\u00e1vejte skv\u011blou muziku, pivo a delikatesy 6.9.2025. Nezapome\u0148te na vstupenky!","jetpack_seo_html_title":"HimlHergotFest 2025: Festival pln\u00fd piva a skv\u011bl\u00e9 hudby","jetpack_seo_noindex":false,"_jetpack_newsletter_access":"","_jetpack_dont_email_post_to_subs":false,"_jetpack_newsletter_tier_id":0,"_jetpack_memberships_contains_paywalled_content":false,"_jetpack_memberships_contains_paid_content":false,"footnotes":"","jetpack_publicize_message":"P\u0159ij\u010fte za\u017e\u00edt 3. ro\u010dn\u00edk HimlHergotFestu v Plzni! O\u010dek\u00e1vejte skv\u011blou muziku, pivo a delikatesy 6.9.2025. ","jetpack_publicize_feature_enabled":true,"jetpack_social_post_already_shared":false,"jetpack_social_options":{"image_generator_settings":{"template":"highway","default_image_id":0,"font":"","enabled":false},"version":2},"_wpas_customize_per_network":false,"jetpack_post_was_ever_published":false},"categories":[43050363],"tags":[2757063,530417993,78588472,1721,53268209,264186,1857340,23740144,15272635],"class_list":["post-11910","post","type-post","status-publish","format-standard","has-post-thumbnail","hentry","category-show-alerts","tag-2757063","tag-civilni-obrana","tag-dymytry","tag-live-show","tag-morcata-na-uteku","tag-open-air","tag-plzen","tag-trautenberk","tag-ceska-scena"],"jetpack_publicize_connections":[],"jetpack_featured_media_url":"https:\/\/i0.wp.com\/sound-scribe.com\/wp-content\/uploads\/2025\/08\/azeib1c6b6_himlhergotfest2025-1080x1080_2x.png?fit=560%2C560&ssl=1","jetpack_likes_enabled":true,"jetpack_sharing_enabled":true,"jetpack_shortlink":"https:\/\/wp.me\/pfd0HC-366","jetpack-related-posts":[{"id":12291,"url":"https:\/\/sound-scribe.com\/en\/2025\/09\/14\/3-rocnik-himlhergotfestu-je-za-nami\/","url_meta":{"origin":11910,"position":0},"title":"3. ro\u010dn\u00edk HimlHergotFestu je za  n\u00e1mi","author":"Kerry Lynx","date":"14 September 2025","format":false,"excerpt":"V\u00a0Plze\u0148sk\u00e9m amfite\u00e1tru se 6. z\u00e1\u0159\u00ed 2025 konal t\u0159et\u00ed ro\u010dn\u00edk festivalu HimlHergotFest, kter\u00fd zahrnoval koncerty zn\u00e1m\u00fdch kapel, autogrami\u00e1du a tradi\u010dn\u00ed pokrmy. Atmosf\u00e9ra byla bez chyby","rel":"","context":"In &quot;Live Loud&quot;","block_context":{"text":"Live Loud","link":"https:\/\/sound-scribe.com\/en\/category\/live-loud\/"},"img":{"alt_text":"","src":"https:\/\/i0.wp.com\/sound-scribe.com\/wp-content\/uploads\/2025\/09\/06-Trautenberk-18.jpg?fit=1200%2C798&ssl=1&resize=350%2C200","width":350,"height":200,"srcset":"https:\/\/i0.wp.com\/sound-scribe.com\/wp-content\/uploads\/2025\/09\/06-Trautenberk-18.jpg?fit=1200%2C798&ssl=1&resize=350%2C200 1x, https:\/\/i0.wp.com\/sound-scribe.com\/wp-content\/uploads\/2025\/09\/06-Trautenberk-18.jpg?fit=1200%2C798&ssl=1&resize=525%2C300 1.5x, https:\/\/i0.wp.com\/sound-scribe.com\/wp-content\/uploads\/2025\/09\/06-Trautenberk-18.jpg?fit=1200%2C798&ssl=1&resize=700%2C400 2x, https:\/\/i0.wp.com\/sound-scribe.com\/wp-content\/uploads\/2025\/09\/06-Trautenberk-18.jpg?fit=1200%2C798&ssl=1&resize=1050%2C600 3x"},"classes":[]},{"id":4606,"url":"https:\/\/sound-scribe.com\/en\/2024\/09\/11\/2-rocnik-himlhergot-festu-rozburacel-plzenskou-plazu\/","url_meta":{"origin":11910,"position":1},"title":"2. ro\u010dn\u00edk HimlHergot Festu rozbur\u00e1cel Plze\u0148skou Plazu","author":"Kerry Lynx","date":"11 September 2024","format":false,"excerpt":"Do Plze\u0148sk\u00e9ho Amfite\u00e1tru Plaza zav\u00edtal v\u00a0p\u00e1tek 06.09.2024 ji\u017e podruh\u00e9 jemnostp\u00e1n Trautenberk s\u00a0dal\u0161\u00edmi nejen \u010desk\u00fdmi hosty \u2013 loni zde vznikla tradice hudebn\u00edch oslav HimlHergot Fest. Br\u00e1ny are\u00e1lu se otev\u0159eli ve t\u0159i hodiny odpoledne a ji\u017e od \u010dty\u0159 byl napl\u00e1nov\u00e1n nejen hudebn\u00ed program, av\u0161ak i \u010depov\u00e1n\u00ed speci\u00e1ln\u00edho kan\u010d\u00edho le\u017e\u00e1ku a nab\u00eddka kan\u010d\u00edho\u2026","rel":"","context":"In &quot;Live Loud&quot;","block_context":{"text":"Live Loud","link":"https:\/\/sound-scribe.com\/en\/category\/live-loud\/"},"img":{"alt_text":"","src":"https:\/\/i0.wp.com\/sound-scribe.com\/wp-content\/uploads\/2024\/09\/01-morcata-1.jpg?resize=350%2C200&ssl=1","width":350,"height":200,"srcset":"https:\/\/i0.wp.com\/sound-scribe.com\/wp-content\/uploads\/2024\/09\/01-morcata-1.jpg?resize=350%2C200&ssl=1 1x, https:\/\/i0.wp.com\/sound-scribe.com\/wp-content\/uploads\/2024\/09\/01-morcata-1.jpg?resize=525%2C300&ssl=1 1.5x, https:\/\/i0.wp.com\/sound-scribe.com\/wp-content\/uploads\/2024\/09\/01-morcata-1.jpg?resize=700%2C400&ssl=1 2x, https:\/\/i0.wp.com\/sound-scribe.com\/wp-content\/uploads\/2024\/09\/01-morcata-1.jpg?resize=1050%2C600&ssl=1 3x, https:\/\/i0.wp.com\/sound-scribe.com\/wp-content\/uploads\/2024\/09\/01-morcata-1.jpg?resize=1400%2C800&ssl=1 4x"},"classes":[]},{"id":10431,"url":"https:\/\/sound-scribe.com\/en\/2025\/07\/13\/pekelny-ostrov-2025\/","url_meta":{"origin":11910,"position":2},"title":"Pekeln\u00fd ostrov 2025: Dymytry, Harlej, Pretty Maids nebo Rybi\u010dky 48","author":"Kerry Lynx","date":"13 July 2025","format":false,"excerpt":"V\u00a0Hol\u00fd\u0161ov\u011b se konal 12. ro\u010dn\u00edk hudebn\u00edho festivalu Pekeln\u00fd Ostrov. Mohli jsme vid\u011bt kapely jako Dymytry, Harlej, Pretty Maids nebo Rybi\u010dky 48 a dal\u0161\u00ed.","rel":"","context":"In &quot;Live Loud&quot;","block_context":{"text":"Live Loud","link":"https:\/\/sound-scribe.com\/en\/category\/live-loud\/"},"img":{"alt_text":"","src":"https:\/\/i0.wp.com\/sound-scribe.com\/wp-content\/uploads\/2025\/07\/01-04-21-1.jpg?fit=1200%2C799&ssl=1&resize=350%2C200","width":350,"height":200,"srcset":"https:\/\/i0.wp.com\/sound-scribe.com\/wp-content\/uploads\/2025\/07\/01-04-21-1.jpg?fit=1200%2C799&ssl=1&resize=350%2C200 1x, https:\/\/i0.wp.com\/sound-scribe.com\/wp-content\/uploads\/2025\/07\/01-04-21-1.jpg?fit=1200%2C799&ssl=1&resize=525%2C300 1.5x, https:\/\/i0.wp.com\/sound-scribe.com\/wp-content\/uploads\/2025\/07\/01-04-21-1.jpg?fit=1200%2C799&ssl=1&resize=700%2C400 2x, https:\/\/i0.wp.com\/sound-scribe.com\/wp-content\/uploads\/2025\/07\/01-04-21-1.jpg?fit=1200%2C799&ssl=1&resize=1050%2C600 3x"},"classes":[]},{"id":8831,"url":"https:\/\/sound-scribe.com\/en\/2025\/06\/05\/festival-rock-in-plzen-hlasila-vyprodano\/","url_meta":{"origin":11910,"position":3},"title":"Festival Rock IN: Plze\u0148 hl\u00e1sila vyprod\u00e1no","author":"Kerry Lynx","date":"5 June 2025","format":false,"excerpt":"Dne 30.5.2025 prob\u011bhl v Plzni \u010dtvrt\u00fd ro\u010dn\u00edk festivalu Rock In Town s vystoupen\u00edmi \u0160kworu, Arakainu, Walda Gangu a Olympicu. Fanou\u0161ci si u\u017e\u00edvali skv\u011blou atmosf\u00e9ru i nostalgii.","rel":"","context":"In &quot;Live Loud&quot;","block_context":{"text":"Live Loud","link":"https:\/\/sound-scribe.com\/en\/category\/live-loud\/"},"img":{"alt_text":"","src":"https:\/\/i0.wp.com\/sound-scribe.com\/wp-content\/uploads\/2025\/06\/05-skwor-8-1.jpg?fit=1200%2C798&ssl=1&resize=350%2C200","width":350,"height":200,"srcset":"https:\/\/i0.wp.com\/sound-scribe.com\/wp-content\/uploads\/2025\/06\/05-skwor-8-1.jpg?fit=1200%2C798&ssl=1&resize=350%2C200 1x, https:\/\/i0.wp.com\/sound-scribe.com\/wp-content\/uploads\/2025\/06\/05-skwor-8-1.jpg?fit=1200%2C798&ssl=1&resize=525%2C300 1.5x, https:\/\/i0.wp.com\/sound-scribe.com\/wp-content\/uploads\/2025\/06\/05-skwor-8-1.jpg?fit=1200%2C798&ssl=1&resize=700%2C400 2x, https:\/\/i0.wp.com\/sound-scribe.com\/wp-content\/uploads\/2025\/06\/05-skwor-8-1.jpg?fit=1200%2C798&ssl=1&resize=1050%2C600 3x"},"classes":[]},{"id":11921,"url":"https:\/\/sound-scribe.com\/en\/2025\/08\/24\/stagebound-festival\/","url_meta":{"origin":11910,"position":4},"title":"StageBound festival","author":"Kerry Lynx","date":"24 August 2025","format":false,"excerpt":"Festival spojuje etablovan\u00e9 rockov\u00e9 a metalov\u00e9 kapely s mlad\u00fdmi talenty, podporuje komunitu a nab\u00edz\u00ed za\u010d\u00ednaj\u00edc\u00edm interpret\u016fm mo\u017enost vystoupit p\u0159ed \u0161ir\u0161\u00edm publikem. Akce prob\u011bhne v Praze a Plzni.","rel":"","context":"In &quot;Show Alerts&quot;","block_context":{"text":"Show Alerts","link":"https:\/\/sound-scribe.com\/en\/category\/show-alerts\/"},"img":{"alt_text":"","src":"https:\/\/i0.wp.com\/sound-scribe.com\/wp-content\/uploads\/2025\/08\/stagebound_poster-e1756109717749.png?fit=1200%2C676&ssl=1&resize=350%2C200","width":350,"height":200,"srcset":"https:\/\/i0.wp.com\/sound-scribe.com\/wp-content\/uploads\/2025\/08\/stagebound_poster-e1756109717749.png?fit=1200%2C676&ssl=1&resize=350%2C200 1x, https:\/\/i0.wp.com\/sound-scribe.com\/wp-content\/uploads\/2025\/08\/stagebound_poster-e1756109717749.png?fit=1200%2C676&ssl=1&resize=525%2C300 1.5x, https:\/\/i0.wp.com\/sound-scribe.com\/wp-content\/uploads\/2025\/08\/stagebound_poster-e1756109717749.png?fit=1200%2C676&ssl=1&resize=700%2C400 2x, https:\/\/i0.wp.com\/sound-scribe.com\/wp-content\/uploads\/2025\/08\/stagebound_poster-e1756109717749.png?fit=1200%2C676&ssl=1&resize=1050%2C600 3x"},"classes":[]},{"id":13304,"url":"https:\/\/sound-scribe.com\/en\/2025\/10\/01\/cesky-metalcorovy-vecer-v-plzni\/","url_meta":{"origin":11910,"position":5},"title":"\u010cesk\u00fd metalcorov\u00fd ve\u010der v Plzni","author":"Kerry Lynx","date":"1 October 2025","format":false,"excerpt":"Dne 20.9.2025 se v klubu Pod Lampou v Plzni uskute\u010dnil koncert t\u0159\u00ed kapel \u010desk\u00e9 metalcorov\u00e9 sc\u00e9ny. Publikum vytvo\u0159ilo v\u00fdbornou atmosf\u00e9ru p\u0159i vystoupen\u00edch She Called Rose, Echo Theory a Nothing Left To Say.","rel":"","context":"In &quot;Live Loud&quot;","block_context":{"text":"Live Loud","link":"https:\/\/sound-scribe.com\/en\/category\/live-loud\/"},"img":{"alt_text":"","src":"https:\/\/i0.wp.com\/sound-scribe.com\/wp-content\/uploads\/2025\/10\/03-NLTS_0925-9.webp?fit=1200%2C798&ssl=1&resize=350%2C200","width":350,"height":200,"srcset":"https:\/\/i0.wp.com\/sound-scribe.com\/wp-content\/uploads\/2025\/10\/03-NLTS_0925-9.webp?fit=1200%2C798&ssl=1&resize=350%2C200 1x, https:\/\/i0.wp.com\/sound-scribe.com\/wp-content\/uploads\/2025\/10\/03-NLTS_0925-9.webp?fit=1200%2C798&ssl=1&resize=525%2C300 1.5x, https:\/\/i0.wp.com\/sound-scribe.com\/wp-content\/uploads\/2025\/10\/03-NLTS_0925-9.webp?fit=1200%2C798&ssl=1&resize=700%2C400 2x, https:\/\/i0.wp.com\/sound-scribe.com\/wp-content\/uploads\/2025\/10\/03-NLTS_0925-9.webp?fit=1200%2C798&ssl=1&resize=1050%2C600 3x"},"classes":[]}],"_links":{"self":[{"href":"https:\/\/sound-scribe.com\/en\/wp-json\/wp\/v2\/posts\/11910","targetHints":{"allow":["GET"]}}],"collection":[{"href":"https:\/\/sound-scribe.com\/en\/wp-json\/wp\/v2\/posts"}],"about":[{"href":"https:\/\/sound-scribe.com\/en\/wp-json\/wp\/v2\/types\/post"}],"author":[{"embeddable":true,"href":"https:\/\/sound-scribe.com\/en\/wp-json\/wp\/v2\/users\/241323962"}],"replies":[{"embeddable":true,"href":"https:\/\/sound-scribe.com\/en\/wp-json\/wp\/v2\/comments?post=11910"}],"version-history":[{"count":9,"href":"https:\/\/sound-scribe.com\/en\/wp-json\/wp\/v2\/posts\/11910\/revisions"}],"predecessor-version":[{"id":11922,"href":"https:\/\/sound-scribe.com\/en\/wp-json\/wp\/v2\/posts\/11910\/revisions\/11922"}],"wp:featuredmedia":[{"embeddable":true,"href":"https:\/\/sound-scribe.com\/en\/wp-json\/wp\/v2\/media\/11915"}],"wp:attachment":[{"href":"https:\/\/sound-scribe.com\/en\/wp-json\/wp\/v2\/media?parent=11910"}],"wp:term":[{"taxonomy":"category","embeddable":true,"href":"https:\/\/sound-scribe.com\/en\/wp-json\/wp\/v2\/categories?post=11910"},{"taxonomy":"post_tag","embeddable":true,"href":"https:\/\/sound-scribe.com\/en\/wp-json\/wp\/v2\/tags?post=11910"}],"curies":[{"name":"wp","href":"https:\/\/api.w.org\/{rel}","templated":true}]}}