{"id":11676,"date":"2025-10-25T18:00:00","date_gmt":"2025-10-25T16:00:00","guid":{"rendered":"https:\/\/sound-scribe.com\/?p=11676"},"modified":"2025-10-23T14:24:23","modified_gmt":"2025-10-23T12:24:23","slug":"temne-dilo-cast-1","status":"publish","type":"post","link":"https:\/\/sound-scribe.com\/en\/2025\/10\/25\/temne-dilo-cast-1\/","title":{"rendered":"Temn\u00e9 d\u00edlo \u010d\u00e1st 1."},"content":{"rendered":"<p class=\"has-text-align-justify wp-block-paragraph\"><strong>Lord of The Lost<\/strong> se rozhodli vydat ne jen jedno album, ale rovnou t\u0159i v \u0159ad\u011b. Prvn\u00ed \u010d\u00e1st &#8222;OPVS Noir Pt. I&#8220; vy\u0161lo dne 7. 8. 2025 pod <strong>Napalm Records<\/strong>.<\/p>\n\n\n\n<p class=\"has-text-align-justify wp-block-paragraph\">Skupina <strong>Lord of The Lost <\/strong>v lo\u0148sk\u00e9m roce oslavila 15 let existence na metalov\u00e9 sc\u00e9n\u011b a b\u011bhem t\u00e9to doby p\u0159ibrali do sv\u00fdch \u0159ad tak\u00e9ho nov\u00e9ho \u0161est\u00e9ho \u010dlena, kter\u00fd se na t\u00e9to nahr\u00e1vce velice osv\u011bd\u010dil. Sestava stoj\u00ed p\u0159edev\u0161\u00edm na charismatick\u00e9m vokalistovi <strong>Chris<\/strong>u <strong>Harms<\/strong>ovi, ale bez ostatn\u00edch \u010dlen\u016f by se nedostali tam, kde jsou te\u010f. Jsou jimi <strong>Pi Stoffers<\/strong> (kytara), <strong>Class Grenayde<\/strong> (baskytara), <strong>Geritt Heinemann<\/strong> (kl\u00e1vesy), <strong>Niklas Kahl<\/strong> (bic\u00ed) a posledn\u00edm p\u0159idan\u00fdm je <strong>Benji Mundigler<\/strong> (kytara, kl\u00e1vesy).<\/p>\n\n\n\n<figure class=\"wp-block-image size-large\"><img data-recalc-dims=\"1\" loading=\"lazy\" decoding=\"async\" width=\"2215\" height=\"1246\" data-attachment-id=\"11685\" data-permalink=\"https:\/\/sound-scribe.com\/en\/lord-of-the-lost-opvs-noir-vol-i-band-2\/\" data-orig-file=\"https:\/\/i0.wp.com\/sound-scribe.com\/wp-content\/uploads\/2025\/08\/lord-of-the-lost-opvs-noir-vol.i-band-edited.jpg?fit=2215%2C1246&amp;ssl=1\" data-orig-size=\"2215,1246\" data-comments-opened=\"1\" data-image-meta=\"{&quot;aperture&quot;:&quot;0&quot;,&quot;credit&quot;:&quot;&quot;,&quot;camera&quot;:&quot;&quot;,&quot;caption&quot;:&quot;&quot;,&quot;created_timestamp&quot;:&quot;0&quot;,&quot;copyright&quot;:&quot;&quot;,&quot;focal_length&quot;:&quot;0&quot;,&quot;iso&quot;:&quot;0&quot;,&quot;shutter_speed&quot;:&quot;0&quot;,&quot;title&quot;:&quot;&quot;,&quot;orientation&quot;:&quot;0&quot;}\" data-image-title=\"Lord of The Lost &amp;#8211; OPVS NOIR vol.I &amp;#8211; band\" data-image-description=\"\" data-image-caption=\"\" data-large-file=\"https:\/\/i0.wp.com\/sound-scribe.com\/wp-content\/uploads\/2025\/08\/lord-of-the-lost-opvs-noir-vol.i-band-edited.jpg?fit=1024%2C576&amp;ssl=1\" src=\"https:\/\/i0.wp.com\/sound-scribe.com\/wp-content\/uploads\/2025\/08\/lord-of-the-lost-opvs-noir-vol.i-band-edited.jpg?resize=2215%2C1246&#038;ssl=1\" alt=\"Fotografie skupiny Lord of The Lost, skl\u00e1daj\u00edc\u00ed se ze \u0161esti \u010dlen\u016f v temn\u00e9m stylu s gotick\u00fdm n\u00e1dechem, p\u00f3zuj\u00edc\u00edch na pozad\u00ed s efektem hv\u011bzdn\u00e9ho prostoru.\" class=\"wp-image-11685\"\/><\/figure>\n\n\n\n<p class=\"has-text-align-justify wp-block-paragraph\">Album celkem obsahuje 11 origin\u00e1ln\u00edch skladeb. Skupina se vr\u00e1tila zp\u00e1tky v\u00edce do gotick\u00e9ho a ponur\u00e9ho stylu, kter\u00fd jim evidentn\u011b sed\u00ed. N\u011bkter\u00e9 texty jsou velice depresivn\u00ed, ale z\u00e1rove\u0148 prost\u011b ze \u017eivota. Na tomto albu se op\u011bt pod\u00edlelo n\u011bkolik dal\u0161\u00edch hudebn\u00edk\u016f a vokalist\u016f, kte\u0159\u00ed skladb\u00e1m p\u0159id\u00e1vaj\u00ed dal\u0161\u00ed rozm\u011br. Za zm\u00ednku rozhodn\u011b stoj\u00ed skladba &#8222;Lords Of Fyre&#8220;, kter\u00e1 byla slo\u017een\u00e1 spole\u010dn\u011b se skupinou <strong>Feuerschwanz <\/strong>p\u0159edev\u0161\u00edm kv\u016fli pl\u00e1nov\u00e9mu spole\u010dn\u00e9mu turn\u00e9. M\u011b zaujala kombinace se zp\u011bva\u010dkou <strong>Sharon den Adel <\/strong>(<strong>Within Temptation<\/strong>) ve skladb\u011b &#8222;Light Can Only Shine In The Darkness&#8220;. Ur\u010dit\u011b ale nesm\u00edm vynechat tak\u00e9 zapojen\u00ed cellistky <strong>Tiny Guo <\/strong>do skladby &#8222;Ghosts&#8220;. Kompletn\u00ed v\u00fdpis skladeb naleznete n\u00ed\u017ee:<\/p>\n\n\n\n<ol class=\"wp-block-list\">\n<li>&#8222;Bazaar Bizarre&#8220;<\/li>\n\n\n\n<li>&#8222;My Sanctuary&#8220;<\/li>\n\n\n\n<li>&#8222;Light Can Only Shine In The Darkness&#8220; (&amp; Within Temptation)<\/li>\n\n\n\n<li>&#8222;I Will Die In It&#8220;<\/li>\n\n\n\n<li>&#8222;Moonstruck&#8220; (&amp; Stimmgewalt)<\/li>\n\n\n\n<li>&#8222;Damage&#8220; (feat. Whiplasher Bernadotte)<\/li>\n\n\n\n<li>&#8222;Ghosts (feat. Tina Guo)&#8220;<\/li>\n\n\n\n<li>&#8222;Lords Of Fyre&#8220; (&amp; Feuerschwanz)<\/li>\n\n\n\n<li>&#8222;The Things We Do For Love&#8220;<\/li>\n\n\n\n<li>&#8222;The Sadness In Everything&#8220; (feat. Anna Maria Rose)<\/li>\n\n\n\n<li>&#8222;Dreams Are Never Alone&#8220;<\/li>\n<\/ol>\n\n\n\n<figure class=\"wp-block-embed is-type-video is-provider-youtube wp-block-embed-youtube wp-embed-aspect-16-9 wp-has-aspect-ratio\"><div class=\"wp-block-embed__wrapper\">\n<span class=\"embed-youtube\" style=\"text-align:center; display: block;\"><iframe loading=\"lazy\" class=\"youtube-player\" width=\"640\" height=\"360\" src=\"https:\/\/www.youtube.com\/embed\/SQI1HKn31Q4?version=3&#038;rel=1&#038;showsearch=0&#038;showinfo=1&#038;iv_load_policy=1&#038;fs=1&#038;hl=en-US&#038;autohide=2&#038;wmode=transparent\" allowfullscreen=\"true\" style=\"border:0;\" sandbox=\"allow-scripts allow-same-origin allow-popups allow-presentation allow-popups-to-escape-sandbox\"><\/iframe><\/span>\n<\/div><\/figure>\n\n\n\n<p class=\"has-text-align-justify wp-block-paragraph\">Z t\u00e9to skupina m\u00e1m po\u0159\u00e1d sm\u00ed\u0161en\u00e9 pocity, ale jedno v\u00edm jist\u011b, ka\u017ed\u00e9 album je jin\u00e9 ne\u017e to p\u0159edchoz\u00ed a st\u00e1le maj\u00ed \u010d\u00edm p\u0159ekvapit. Chris m\u00e1 velice charismatick\u00fd hlas a l\u00edb\u00ed se mi r\u016fznorod\u00e9 polohy a celkov\u011b jeho profesion\u00e1ln\u00ed p\u016fsoben\u00ed na p\u00f3diu obdivuji. Ale st\u00e1le je tady n\u011bco s \u010d\u00edm se nedok\u00e1\u017eu pln\u011b ztoto\u017enit. Album je po hudebn\u00ed i textov\u00e9 str\u00e1nce skv\u011bl\u00e9 a i kdy\u017e jsem ho sly\u0161ela ji\u017e n\u011bkolikr\u00e1t, tak mi nevad\u00ed ho poslouchat st\u00e1le dokola. Jsem velice zv\u011bdav\u00e1 na pokra\u010dov\u00e1n\u00ed.<\/p>\n\n\n\n<figure class=\"wp-block-embed is-type-video is-provider-youtube wp-block-embed-youtube wp-embed-aspect-16-9 wp-has-aspect-ratio\"><div class=\"wp-block-embed__wrapper\">\n<span class=\"embed-youtube\" style=\"text-align:center; display: block;\"><iframe loading=\"lazy\" class=\"youtube-player\" width=\"640\" height=\"360\" src=\"https:\/\/www.youtube.com\/embed\/WRLmbULWDhY?version=3&#038;rel=1&#038;showsearch=0&#038;showinfo=1&#038;iv_load_policy=1&#038;fs=1&#038;hl=en-US&#038;autohide=2&#038;wmode=transparent\" allowfullscreen=\"true\" style=\"border:0;\" sandbox=\"allow-scripts allow-same-origin allow-popups allow-presentation allow-popups-to-escape-sandbox\"><\/iframe><\/span>\n<\/div><\/figure>\n\n\n\n<p class=\"wp-block-paragraph\">Celkov\u00e9 hodnocen\u00ed: 90%<br>Ji\u017e bylo ozn\u00e1meno datum, kdy vyjde \u010d\u00e1st druh\u00e1 t\u00e9to a to 12. prosince 2025. Na\u017eivo kapelu m\u016f\u017eete potkat t\u0159eba ??.??.2026 v Praze b\u011bhem jejich dal\u0161\u00ed tour.<\/p>\n\n\n\n<figure class=\"wp-block-embed is-type-rich is-provider-spotify wp-block-embed-spotify wp-embed-aspect-21-9 wp-has-aspect-ratio\"><div class=\"wp-block-embed__wrapper\">\n<div class=\"embed-spotify\"><iframe title=\"Spotify Embed: OPVS NOIR Vol. 1\" style=\"border-radius: 12px\" width=\"100%\" height=\"352\" frameborder=\"0\" allowfullscreen allow=\"autoplay; clipboard-write; encrypted-media; fullscreen; picture-in-picture\" loading=\"lazy\" src=\"https:\/\/open.spotify.com\/embed\/album\/30g6j2xuqynpAiohatDOW6?si=RT_1IX1WTQS2SPMjkQ0jRg&#038;utm_source=oembed\"><\/iframe><\/div>\n<\/div><\/figure>","protected":false},"excerpt":{"rendered":"<p>Skupina Lord of The Lost vydala 7. srpna 2025 prvn\u00ed \u010d\u00e1st trilogie &#8222;OPVS Noir Pt. I&#8220;, s 11 origin\u00e1ln\u00edmi skladbami, n\u011bkter\u00e9 jsou obzvl\u00e1\u0161tn\u011bny p\u0159idan\u00fdmi hosty. Pokra\u010dov\u00e1n\u00ed o\u010dek\u00e1vejte 12. prosince 2025.<\/p>","protected":false},"author":241323962,"featured_media":11683,"comment_status":"open","ping_status":"open","sticky":false,"template":"","format":"standard","meta":{"_crdt_document":"","site-sidebar-layout":"default","site-content-layout":"","ast-site-content-layout":"default","site-content-style":"default","site-sidebar-style":"default","ast-global-header-display":"","ast-banner-title-visibility":"","ast-main-header-display":"","ast-hfb-above-header-display":"","ast-hfb-below-header-display":"","ast-hfb-mobile-header-display":"","site-post-title":"","ast-breadcrumbs-content":"","ast-featured-img":"","footer-sml-layout":"","ast-disable-related-posts":"","theme-transparent-header-meta":"","adv-header-id-meta":"","stick-header-meta":"","header-above-stick-meta":"","header-main-stick-meta":"","header-below-stick-meta":"","astra-migrate-meta-layouts":"default","ast-page-background-enabled":"default","ast-page-background-meta":{"desktop":{"background-color":"var(--ast-global-color-5)","background-image":"","background-repeat":"repeat","background-position":"center center","background-size":"auto","background-attachment":"scroll","background-type":"","background-media":"","overlay-type":"","overlay-color":"","overlay-opacity":"","overlay-gradient":""},"tablet":{"background-color":"","background-image":"","background-repeat":"repeat","background-position":"center center","background-size":"auto","background-attachment":"scroll","background-type":"","background-media":"","overlay-type":"","overlay-color":"","overlay-opacity":"","overlay-gradient":""},"mobile":{"background-color":"","background-image":"","background-repeat":"repeat","background-position":"center center","background-size":"auto","background-attachment":"scroll","background-type":"","background-media":"","overlay-type":"","overlay-color":"","overlay-opacity":"","overlay-gradient":""}},"ast-content-background-meta":{"desktop":{"background-color":"var(--ast-global-color-4)","background-image":"","background-repeat":"repeat","background-position":"center center","background-size":"auto","background-attachment":"scroll","background-type":"","background-media":"","overlay-type":"","overlay-color":"","overlay-opacity":"","overlay-gradient":""},"tablet":{"background-color":"var(--ast-global-color-4)","background-image":"","background-repeat":"repeat","background-position":"center center","background-size":"auto","background-attachment":"scroll","background-type":"","background-media":"","overlay-type":"","overlay-color":"","overlay-opacity":"","overlay-gradient":""},"mobile":{"background-color":"var(--ast-global-color-4)","background-image":"","background-repeat":"repeat","background-position":"center center","background-size":"auto","background-attachment":"scroll","background-type":"","background-media":"","overlay-type":"","overlay-color":"","overlay-opacity":"","overlay-gradient":""}},"advanced_seo_description":"Objevte nov\u00e9 album 'OPVS Noir Pt. I' od Lord of The Lost, kter\u00e9 kombinuje gotickou atmosf\u00e9ru a bohat\u00e9 hudebn\u00ed spolupr\u00e1ce. Poslouchejte te\u010f!","jetpack_seo_html_title":"Lord of The Lost: Album OPVS Noir Pt. I a co d\u00e1l?","jetpack_seo_noindex":false,"_jetpack_newsletter_access":"","_jetpack_dont_email_post_to_subs":false,"_jetpack_newsletter_tier_id":0,"_jetpack_memberships_contains_paywalled_content":false,"_jetpack_memberships_contains_paid_content":false,"footnotes":"","jetpack_publicize_message":"Objevte posledn\u00ed album 'OPVS Noir Pt. I' od Lord of The Lost, kter\u00e9 kombinuje gotickou atmosf\u00e9ru a bohat\u00e9 hudebn\u00ed spolupr\u00e1ce. Poslouchejte te\u010f!\n\nKone\u010dn\u011b jsem se tak\u00e9 k dostala k dokon\u010den\u00ed n\u011bkolika kr\u00e1tk\u00fdch recenz\u00ed a doporu\u010den\u00ed k poslechu. Ji\u017e brzy budou zve\u0159ejn\u011bny dal\u0161\u00ed....","jetpack_publicize_feature_enabled":true,"jetpack_social_post_already_shared":true,"jetpack_social_options":{"image_generator_settings":{"template":"dois","default_image_id":0,"font":"","enabled":true,"token":"eyJpbWciOiJodHRwczpcL1wvaTAud3AuY29tXC9zb3VuZC1zY3JpYmUuY29tXC93cC1jb250ZW50XC91cGxvYWRzXC8yMDI1XC8wOFwvbG9yZC1vZi10aGUtbG9zdC1vcHZzLW5vaXItdm9sLmktY292ZXIuanBnP2ZpdD0xMDI0JTJDMTAyNCZzc2w9MSIsInR4dCI6IlJlY29tbWVuZGF0aW9uXC8gU2hvcnQgcmV2aWV3OiBMb3JkIG9mIHRoZSBMb3N0IC0gXCJPUFZTIE5vaXIgUHQuIElcIiIsInRlbXBsYXRlIjoiZG9pcyIsImZvbnQiOiIiLCJibG9nX2lkIjoyMjQ3NDYwMDh9.dllRsF1781NspxrdJX88WXyx8n9hCowL_wAy4uZmfOYMQ","image_type":"featured","custom_text":"Recommendation\/ Short review: Lord of the Lost - \"OPVS Noir Pt. I\""},"version":2},"_wpas_customize_per_network":false,"jetpack_post_was_ever_published":false},"categories":[3190911],"tags":[2757063,15902,650587,24455146,1393,5842860,8665930],"class_list":["post-11676","post","type-post","status-publish","format-standard","has-post-thumbnail","hentry","category-track-talk","tag-2757063","tag-album-review","tag-dark-metal","tag-lord-of-the-lost","tag-metal","tag-napalm-records","tag-nove-album"],"jetpack_publicize_connections":[],"jetpack_featured_media_url":"https:\/\/i0.wp.com\/sound-scribe.com\/wp-content\/uploads\/2025\/08\/lord-of-the-lost-opvs-noir-vol.i-cover.jpg?fit=1500%2C1500&ssl=1","jetpack_likes_enabled":true,"jetpack_sharing_enabled":true,"jetpack_shortlink":"https:\/\/wp.me\/pfd0HC-32k","jetpack-related-posts":[{"id":17830,"url":"https:\/\/sound-scribe.com\/en\/2026\/02\/27\/lord-of-the-lost-vyrazi-na-jare-2026-s-novymi-alby-na-evropske-turne\/","url_meta":{"origin":11676,"position":0},"title":"Lord of the Lost will embark on a European tour in spring 2026 with new albums","author":"Kerry Lynx","date":"27 February 2026","format":false,"excerpt":"LORD OF THE LOST announced their European tour \"TOVR NOIR\" with a new album in May 2026 in Prague. The concerts will feature new songs as well as older hits. After the tour, they plan to take a break for creative projects.","rel":"","context":"In &quot;Show Alerts&quot;","block_context":{"text":"Show Alerts","link":"https:\/\/sound-scribe.com\/en\/category\/show-alerts\/"},"img":{"alt_text":"","src":"https:\/\/i0.wp.com\/sound-scribe.com\/wp-content\/uploads\/2025\/09\/lord_of_the_lost_praha_roxy_26.jpg?fit=1200%2C625&ssl=1&resize=350%2C200","width":350,"height":200,"srcset":"https:\/\/i0.wp.com\/sound-scribe.com\/wp-content\/uploads\/2025\/09\/lord_of_the_lost_praha_roxy_26.jpg?fit=1200%2C625&ssl=1&resize=350%2C200 1x, https:\/\/i0.wp.com\/sound-scribe.com\/wp-content\/uploads\/2025\/09\/lord_of_the_lost_praha_roxy_26.jpg?fit=1200%2C625&ssl=1&resize=525%2C300 1.5x, https:\/\/i0.wp.com\/sound-scribe.com\/wp-content\/uploads\/2025\/09\/lord_of_the_lost_praha_roxy_26.jpg?fit=1200%2C625&ssl=1&resize=700%2C400 2x, https:\/\/i0.wp.com\/sound-scribe.com\/wp-content\/uploads\/2025\/09\/lord_of_the_lost_praha_roxy_26.jpg?fit=1200%2C625&ssl=1&resize=1050%2C600 3x"},"classes":[]},{"id":9027,"url":"https:\/\/sound-scribe.com\/en\/2025\/06\/10\/metalfest-2025-2-den-veseli-pirati-i-desivi-dablove\/","url_meta":{"origin":11676,"position":1},"title":"Metalfest 2025 &#8211; 2. den: Vesel\u00ed pir\u00e1ti i d\u011bsiv\u00ed \u010f\u00e1blov\u00e9","author":"Kerry Lynx","date":"10 June 2025","format":false,"excerpt":"V amfite\u00e1tru v Plzni se 7.6.2025 pokra\u010doval druh\u00fd den Matelfestu s vystoupen\u00edmi kapel Lord of the Lost, Amaranthe, Alestorm a Kreator. Akci prov\u00e1zelo sm\u00ed\u0161en\u00e9 po\u010das\u00ed, ale fanou\u0161ci z\u016fstali nad\u0161en\u00ed do konce.","rel":"","context":"In &quot;Live Loud&quot;","block_context":{"text":"Live Loud","link":"https:\/\/sound-scribe.com\/en\/category\/live-loud\/"},"img":{"alt_text":"","src":"https:\/\/i0.wp.com\/sound-scribe.com\/wp-content\/uploads\/2025\/06\/metalfest_.07.06.2025_kreator_dsc_5653.jpg?fit=1200%2C675&ssl=1&resize=350%2C200","width":350,"height":200,"srcset":"https:\/\/i0.wp.com\/sound-scribe.com\/wp-content\/uploads\/2025\/06\/metalfest_.07.06.2025_kreator_dsc_5653.jpg?fit=1200%2C675&ssl=1&resize=350%2C200 1x, https:\/\/i0.wp.com\/sound-scribe.com\/wp-content\/uploads\/2025\/06\/metalfest_.07.06.2025_kreator_dsc_5653.jpg?fit=1200%2C675&ssl=1&resize=525%2C300 1.5x, https:\/\/i0.wp.com\/sound-scribe.com\/wp-content\/uploads\/2025\/06\/metalfest_.07.06.2025_kreator_dsc_5653.jpg?fit=1200%2C675&ssl=1&resize=700%2C400 2x, https:\/\/i0.wp.com\/sound-scribe.com\/wp-content\/uploads\/2025\/06\/metalfest_.07.06.2025_kreator_dsc_5653.jpg?fit=1200%2C675&ssl=1&resize=1050%2C600 3x"},"classes":[]},{"id":6325,"url":"https:\/\/sound-scribe.com\/en\/2025\/01\/27\/legionari\/","url_meta":{"origin":11676,"position":2},"title":"Legion\u00e1\u0159i","author":"Kerry Lynx","date":"27 January 2025","format":false,"excerpt":"Finsko je velice zn\u00e1m\u00e9 metalovou muzikou a dnes pro V\u00e1s m\u00e1m jednu novou kapelu pro v\u0161echny fanou\u0161ky power metalu. Ji\u017e n\u00e1zev Dragonknight trochu napov\u00edd\u00e1 o t\u00e9matu cel\u00e9 kapely a n\u00e1zev jejich debutov\u00e9ho alba \"Legions\" to jen potvrzuje. Cel\u00e9 album vy\u0161lo dne 17.1.2025. \u010clenov\u00e9 skupiny se schov\u00e1vaj\u00ed za poveden\u00e9 masky a\u2026","rel":"","context":"In &quot;Track Talk&quot;","block_context":{"text":"Track Talk","link":"https:\/\/sound-scribe.com\/en\/category\/track-talk\/"},"img":{"alt_text":"","src":"https:\/\/i0.wp.com\/sound-scribe.com\/wp-content\/uploads\/2025\/01\/dragonknight_legions_cover.jpg?fit=1200%2C1200&ssl=1&resize=350%2C200","width":350,"height":200,"srcset":"https:\/\/i0.wp.com\/sound-scribe.com\/wp-content\/uploads\/2025\/01\/dragonknight_legions_cover.jpg?fit=1200%2C1200&ssl=1&resize=350%2C200 1x, https:\/\/i0.wp.com\/sound-scribe.com\/wp-content\/uploads\/2025\/01\/dragonknight_legions_cover.jpg?fit=1200%2C1200&ssl=1&resize=525%2C300 1.5x, https:\/\/i0.wp.com\/sound-scribe.com\/wp-content\/uploads\/2025\/01\/dragonknight_legions_cover.jpg?fit=1200%2C1200&ssl=1&resize=700%2C400 2x, https:\/\/i0.wp.com\/sound-scribe.com\/wp-content\/uploads\/2025\/01\/dragonknight_legions_cover.jpg?fit=1200%2C1200&ssl=1&resize=1050%2C600 3x"},"classes":[]},{"id":18271,"url":"https:\/\/sound-scribe.com\/en\/2026\/03\/29\/novinky-brezen-2026\/","url_meta":{"origin":11676,"position":3},"title":"New releases in March 2026","author":"Kerry Lynx","date":"29 March 2026","format":false,"excerpt":"Check out what records were newly released in March 2026.","rel":"","context":"In &quot;Track Talk&quot;","block_context":{"text":"Track Talk","link":"https:\/\/sound-scribe.com\/en\/category\/track-talk\/"},"img":{"alt_text":"","src":"https:\/\/i0.wp.com\/sound-scribe.com\/wp-content\/uploads\/2026\/03\/Albums_march_26.jpg?fit=960%2C1200&ssl=1&resize=350%2C200","width":350,"height":200,"srcset":"https:\/\/i0.wp.com\/sound-scribe.com\/wp-content\/uploads\/2026\/03\/Albums_march_26.jpg?fit=960%2C1200&ssl=1&resize=350%2C200 1x, https:\/\/i0.wp.com\/sound-scribe.com\/wp-content\/uploads\/2026\/03\/Albums_march_26.jpg?fit=960%2C1200&ssl=1&resize=525%2C300 1.5x, https:\/\/i0.wp.com\/sound-scribe.com\/wp-content\/uploads\/2026\/03\/Albums_march_26.jpg?fit=960%2C1200&ssl=1&resize=700%2C400 2x"},"classes":[]},{"id":8954,"url":"https:\/\/sound-scribe.com\/en\/2025\/06\/06\/mytus-lidstva\/","url_meta":{"origin":11676,"position":4},"title":"M\u00fdtus lidstva","author":"Kerry Lynx","date":"6 June 2025","format":false,"excerpt":"Skupina Aexylium vydala nov\u00e9 album \"Myth of Mankind\", kter\u00e9 ukazuje jejich hudebn\u00ed v\u00fdvoj s t\u011b\u017ek\u00fdmi riffy a v\u00fdrazn\u00fdmi melodiemi. Obsahuje 11 skladeb a jeho celkov\u00e9 hodnocen\u00ed je 75%.","rel":"","context":"In &quot;Track Talk&quot;","block_context":{"text":"Track Talk","link":"https:\/\/sound-scribe.com\/en\/category\/track-talk\/"},"img":{"alt_text":"Album cover of \"Myth of Mankind\" of the Italian band Aexylium","src":"https:\/\/i0.wp.com\/sound-scribe.com\/wp-content\/uploads\/2025\/06\/cover-high-res.jpg?fit=1200%2C1200&ssl=1&resize=350%2C200","width":350,"height":200,"srcset":"https:\/\/i0.wp.com\/sound-scribe.com\/wp-content\/uploads\/2025\/06\/cover-high-res.jpg?fit=1200%2C1200&ssl=1&resize=350%2C200 1x, https:\/\/i0.wp.com\/sound-scribe.com\/wp-content\/uploads\/2025\/06\/cover-high-res.jpg?fit=1200%2C1200&ssl=1&resize=525%2C300 1.5x, https:\/\/i0.wp.com\/sound-scribe.com\/wp-content\/uploads\/2025\/06\/cover-high-res.jpg?fit=1200%2C1200&ssl=1&resize=700%2C400 2x, https:\/\/i0.wp.com\/sound-scribe.com\/wp-content\/uploads\/2025\/06\/cover-high-res.jpg?fit=1200%2C1200&ssl=1&resize=1050%2C600 3x"},"classes":[]},{"id":6702,"url":"https:\/\/sound-scribe.com\/en\/2025\/02\/25\/pribehy-z-temnoty\/","url_meta":{"origin":11676,"position":5},"title":"P\u0159\u00edb\u011bhy z temnoty","author":"Kerry Lynx","date":"25 February 2025","format":false,"excerpt":"Tento t\u00fdden si \u0159ekneme o anglick\u00e9 kapele z Lond\u00fdna a jejich nov\u00e9m albu. Jedn\u00e1 se o skupinu Serpentyne a album \"Tales From The Dark\", kter\u00e9 vy\u0161lo v p\u00e1tek 14. \u00fanora 2025. Kapela byla zalo\u017eena v roce 2010 zp\u011bva\u010dkou Maggiebeth a toto je jejich p\u00e1t\u00e9 studiov\u00e9 album. Sou\u010dasn\u00e1 sestava je p\u011bti\u010dlenn\u00e1,\u2026","rel":"","context":"In &quot;Track Talk&quot;","block_context":{"text":"Track Talk","link":"https:\/\/sound-scribe.com\/en\/category\/track-talk\/"},"img":{"alt_text":"","src":"https:\/\/i0.wp.com\/sound-scribe.com\/wp-content\/uploads\/2025\/02\/tales-from-the-dark-cover.jpg?fit=1000%2C1000&ssl=1&resize=350%2C200","width":350,"height":200,"srcset":"https:\/\/i0.wp.com\/sound-scribe.com\/wp-content\/uploads\/2025\/02\/tales-from-the-dark-cover.jpg?fit=1000%2C1000&ssl=1&resize=350%2C200 1x, https:\/\/i0.wp.com\/sound-scribe.com\/wp-content\/uploads\/2025\/02\/tales-from-the-dark-cover.jpg?fit=1000%2C1000&ssl=1&resize=525%2C300 1.5x, https:\/\/i0.wp.com\/sound-scribe.com\/wp-content\/uploads\/2025\/02\/tales-from-the-dark-cover.jpg?fit=1000%2C1000&ssl=1&resize=700%2C400 2x"},"classes":[]}],"_links":{"self":[{"href":"https:\/\/sound-scribe.com\/en\/wp-json\/wp\/v2\/posts\/11676","targetHints":{"allow":["GET"]}}],"collection":[{"href":"https:\/\/sound-scribe.com\/en\/wp-json\/wp\/v2\/posts"}],"about":[{"href":"https:\/\/sound-scribe.com\/en\/wp-json\/wp\/v2\/types\/post"}],"author":[{"embeddable":true,"href":"https:\/\/sound-scribe.com\/en\/wp-json\/wp\/v2\/users\/241323962"}],"replies":[{"embeddable":true,"href":"https:\/\/sound-scribe.com\/en\/wp-json\/wp\/v2\/comments?post=11676"}],"version-history":[{"count":8,"href":"https:\/\/sound-scribe.com\/en\/wp-json\/wp\/v2\/posts\/11676\/revisions"}],"predecessor-version":[{"id":14223,"href":"https:\/\/sound-scribe.com\/en\/wp-json\/wp\/v2\/posts\/11676\/revisions\/14223"}],"wp:featuredmedia":[{"embeddable":true,"href":"https:\/\/sound-scribe.com\/en\/wp-json\/wp\/v2\/media\/11683"}],"wp:attachment":[{"href":"https:\/\/sound-scribe.com\/en\/wp-json\/wp\/v2\/media?parent=11676"}],"wp:term":[{"taxonomy":"category","embeddable":true,"href":"https:\/\/sound-scribe.com\/en\/wp-json\/wp\/v2\/categories?post=11676"},{"taxonomy":"post_tag","embeddable":true,"href":"https:\/\/sound-scribe.com\/en\/wp-json\/wp\/v2\/tags?post=11676"}],"curies":[{"name":"wp","href":"https:\/\/api.w.org\/{rel}","templated":true}]}}